{"id":23346,"date":"2023-04-23T21:44:18","date_gmt":"2023-04-24T00:44:18","guid":{"rendered":"https:\/\/blogs.correiobraziliense.com.br\/cbpoder\/?p=23346"},"modified":"2023-04-23T21:44:18","modified_gmt":"2023-04-24T00:44:18","slug":"deprimido-e-sob-efeito-de-medicamentos-anderson-torres-pode-pedir-adiamento-do-depoimento-a-pf-desta-segunda-feira","status":"publish","type":"post","link":"https:\/\/blogs.correiobraziliense.com.br\/cbpoder\/deprimido-e-sob-efeito-de-medicamentos-anderson-torres-pode-pedir-adiamento-do-depoimento-a-pf-desta-segunda-feira\/","title":{"rendered":"Deprimido e sob efeito de medicamentos, Anderson Torres pode pedir adiamento do depoimento \u00e0 PF desta segunda-feira"},"content":{"rendered":"<h4>ANA MARIA CAMPOS<\/h4>\n<p>O ex-ministro da Justi\u00e7a e Seguran\u00e7a P\u00fablica Anderson Torres completa nesta segunda-feira (24) 100 dias preso no 4\u00ba Batalh\u00e3o da Pol\u00edcia Militar do Gama, sem perspectivas reais imediatas de ser liberado e cada dia mais deprimido. A defesa do delegado da Pol\u00edcia Federal estuda os termos de um recurso contra a decis\u00e3o do ministro Alexandre de Moraes, do Supremo Tribunal Federal (STF), que o manteve sob cust\u00f3dia, por suposta omiss\u00e3o dolosa no desempenho de suas fun\u00e7\u00f5es como ent\u00e3o secret\u00e1rio de Seguran\u00e7a P\u00fablica do DF em 8 de janeiro na Pra\u00e7a dos Tr\u00eas Poderes.<\/p>\n<p>&nbsp;<\/p>\n<p>A ideia da defesa \u00e9 apelar ao plen\u00e1rio do STF, com base no parecer do subprocurador-geral da Rep\u00fablica Carlos Frederico Santos, coordenador do Grupo Estrat\u00e9gico de Combate aos Atos Antidemocr\u00e1ticos, que opinou pela revoga\u00e7\u00e3o da pris\u00e3o. Os advogados de Anderson tentam sensibilizar os ministros com os argumentos de que ainda n\u00e3o h\u00e1 acusa\u00e7\u00e3o formal contra ele, risco de fuga ou possibilidade de contamina\u00e7\u00e3o da instru\u00e7\u00e3o do processo e, acima de tudo, para o fato de o ex-ministro estar muito debilitado emocionalmente.<\/p>\n<p>&nbsp;<\/p>\n<p>Um laudo psiqui\u00e1trico realizado por profissional da Secretaria de Sa\u00fade aponta que Anderson est\u00e1 extremamente deprimido, emagreceu mais de 10kg, e tem tomado medica\u00e7\u00e3o forte para se manter equilibrado. O parecer aponta, inclusive, risco de suic\u00eddio, segundo integrantes da defesa do ex-ministro.<\/p>\n<p>&nbsp;<\/p>\n<p>Anderson Torres tem recebido visitas apenas da mulher, Fl\u00e1via Sampaio Torres, e dos advogados. O casal tem tr\u00eas filhas, de 13 anos, 11 e 9. Apenas a mais velha esteve com o pai neste per\u00edodo porque o ex-ministro prefere preserv\u00e1-las, uma vez que j\u00e1 est\u00e3o sofrendo bullying na escola.<\/p>\n<p>&nbsp;<\/p>\n<p>Nesta manh\u00e3, Anderson deve ser avaliado novamente por um profissional da Secretaria de Sa\u00fade, antes de ser submetido a novo depoimento na sede da Pol\u00edcia Federal (PF). A oitiva est\u00e1 marcada para as 14h, mas a defesa avalia pedir um adiamento, diante do estado de sa\u00fade mental do ex-ministro. Ele deve depor hoje, a pedido da PF, no inqu\u00e9rito que apura a atua\u00e7\u00e3o do ent\u00e3o ministro da Justi\u00e7a em bloqueios nas rodovias feitos pela Pol\u00edcia Rodovi\u00e1ria Federal no dia da vota\u00e7\u00e3o em segundo turno, especialmente em \u00e1reas onde o candidato Luiz In\u00e1cio Lula da Silva (PT) tinha mais votos.<\/p>\n<p>&nbsp;<\/p>\n<p>O motivo da depress\u00e3o de Anderson \u00e9 justamente a falta de possibilidades de recursos, uma vez que o inqu\u00e9rito sobre os atos antidemocr\u00e1ticos tramita no STF. Ele ficou muito abalado com a decis\u00e3o de Alexandre de Moraes, contr\u00e1ria \u00e0 manifesta\u00e7\u00e3o do Minist\u00e9rio P\u00fablico.<\/p>\n<p>&nbsp;<\/p>\n<p>No parecer, o subprocurador-geral da Rep\u00fablica Carlos Frederico Santos apontou que n\u00e3o h\u00e1 mais requisitos que justifiquem uma pris\u00e3o cautelar de Anderson Torres. Ele avaliou que, considerando o cen\u00e1rio atual das investiga\u00e7\u00f5es, &#8220;existem medidas cautelares diversas da pris\u00e3o que cumprem de forma mais adequada \u00e0s finalidades em tela&#8221;. Carlos Frederico tamb\u00e9m levou em conta os laudos m\u00e9dicos que atestam a depress\u00e3o de Torres.<\/p>\n<p>&nbsp;<\/p>\n<p>Por isso, a Procuradoria-geral da Rep\u00fablica recomendou o relaxamento da pris\u00e3o com uso de tornozeleira eletr\u00f4nica; proibi\u00e7\u00e3o de sair da capital federal; proibi\u00e7\u00e3o de manter contato com os demais investigados; e manuten\u00e7\u00e3o do afastamento do cargo de delegado da Pol\u00edcia Federal.<\/p>\n<p>&nbsp;<\/p>\n<p>Mas Alexandre de Moraes avaliou que o momento ainda n\u00e3o \u00e9 adequado para a libera\u00e7\u00e3o de Anderson Torres. O ministro do STF sustentou que fatos supervenientes constatados durante a investiga\u00e7\u00e3o refor\u00e7aram as evid\u00eancias de participa\u00e7\u00e3o de Torres em atos golpistas.<\/p>\n","protected":false},"excerpt":{"rendered":"<p>ANA MARIA CAMPOS O ex-ministro da Justi\u00e7a e Seguran\u00e7a P\u00fablica Anderson Torres completa nesta segunda-feira (24) 100 dias preso no 4\u00ba Batalh\u00e3o da Pol\u00edcia Militar do Gama, sem perspectivas reais imediatas de ser liberado e cada dia mais deprimido. A defesa do delegado da Pol\u00edcia Federal estuda os termos de um recurso contra a decis\u00e3o do ministro Alexandre de Moraes, [&hellip;]<\/p>\n","protected":false},"author":9,"featured_media":19567,"comment_status":"open","ping_status":"closed","sticky":false,"template":"","format":"standard","meta":{"footnotes":""},"categories":[234],"tags":[1176,1558,2528,132,515,3254,410,149],"class_list":["post-23346","post","type-post","status-publish","format-standard","has-post-thumbnail","hentry","category-cb-poder","tag-alexandre-de-moraes","tag-anderson-torres","tag-atos-antidemocraticos","tag-depoimento","tag-pf","tag-praca-dos-tres-poderes","tag-prisao","tag-stf"],"_links":{"self":[{"href":"https:\/\/blogs.correiobraziliense.com.br\/cbpoder\/wp-json\/wp\/v2\/posts\/23346","targetHints":{"allow":["GET"]}}],"collection":[{"href":"https:\/\/blogs.correiobraziliense.com.br\/cbpoder\/wp-json\/wp\/v2\/posts"}],"about":[{"href":"https:\/\/blogs.correiobraziliense.com.br\/cbpoder\/wp-json\/wp\/v2\/types\/post"}],"author":[{"embeddable":true,"href":"https:\/\/blogs.correiobraziliense.com.br\/cbpoder\/wp-json\/wp\/v2\/users\/9"}],"replies":[{"embeddable":true,"href":"https:\/\/blogs.correiobraziliense.com.br\/cbpoder\/wp-json\/wp\/v2\/comments?post=23346"}],"version-history":[{"count":1,"href":"https:\/\/blogs.correiobraziliense.com.br\/cbpoder\/wp-json\/wp\/v2\/posts\/23346\/revisions"}],"predecessor-version":[{"id":23347,"href":"https:\/\/blogs.correiobraziliense.com.br\/cbpoder\/wp-json\/wp\/v2\/posts\/23346\/revisions\/23347"}],"wp:featuredmedia":[{"embeddable":true,"href":"https:\/\/blogs.correiobraziliense.com.br\/cbpoder\/wp-json\/wp\/v2\/media\/19567"}],"wp:attachment":[{"href":"https:\/\/blogs.correiobraziliense.com.br\/cbpoder\/wp-json\/wp\/v2\/media?parent=23346"}],"wp:term":[{"taxonomy":"category","embeddable":true,"href":"https:\/\/blogs.correiobraziliense.com.br\/cbpoder\/wp-json\/wp\/v2\/categories?post=23346"},{"taxonomy":"post_tag","embeddable":true,"href":"https:\/\/blogs.correiobraziliense.com.br\/cbpoder\/wp-json\/wp\/v2\/tags?post=23346"}],"curies":[{"name":"wp","href":"https:\/\/api.w.org\/{rel}","templated":true}]}}