{"id":21878,"date":"2021-08-03T15:49:56","date_gmt":"2021-08-03T18:49:56","guid":{"rendered":"https:\/\/blogs.correiobraziliense.com.br\/cbpoder\/?p=21878"},"modified":"2021-08-03T17:08:27","modified_gmt":"2021-08-03T20:08:27","slug":"justica-homologa-desistencia-da-uniao-de-terras-na-saida-norte","status":"publish","type":"post","link":"https:\/\/blogs.correiobraziliense.com.br\/cbpoder\/justica-homologa-desistencia-da-uniao-de-terras-na-saida-norte\/","title":{"rendered":"Justi\u00e7a homologa desist\u00eancia da Uni\u00e3o de terras na sa\u00edda norte"},"content":{"rendered":"<p>A sexta turma do Tribunal Regional Federal da 1\u00aa Regi\u00e3o (TRF-1) homologou pedido de desist\u00eancia da Uni\u00e3o de terras na sa\u00edda norte ao negar recurso do Minist\u00e9rio P\u00fablico Federal (MPF). A \u00e1rea de 30 hectares fica no Grande Colorado e integra a antiga Fazenda Paranoazinho, que foi adquirida pela empresa Urbanizadora Paranoazinho.<\/p>\n<p>A pr\u00f3pria Uni\u00e3o ingressou com a\u00e7\u00e3o em 2003 por acreditar que \u00e1rea seria p\u00fablica. Durante a an\u00e1lise do processo, entretanto, houve o entendimento de que n\u00e3o se tratava de propriedade p\u00fablica. Por isso, houve a desist\u00eancia da a\u00e7\u00e3o. O processo continua correndo porque, em 2004, o Minist\u00e9rio P\u00fablico Federal (MPF) entrou com apela\u00e7\u00e3o.<\/p>\n<p>Ap\u00f3s a manifesta\u00e7\u00e3o do MPF, a Uni\u00e3o reiterou o pedido de desist\u00eancia e apresentou documentos para embasar a decis\u00e3o.<\/p>\n<p>O espa\u00e7o corresponde a 2% do total dos 1.600 hectares da Fazenda Paranoazinho.<\/p>\n","protected":false},"excerpt":{"rendered":"<p>A sexta turma do Tribunal Regional Federal da 1\u00aa Regi\u00e3o (TRF-1) homologou pedido de desist\u00eancia da Uni\u00e3o de terras na sa\u00edda norte ao negar recurso do Minist\u00e9rio P\u00fablico Federal (MPF). A \u00e1rea de 30 hectares fica no Grande Colorado e integra a antiga Fazenda Paranoazinho, que foi adquirida pela empresa Urbanizadora Paranoazinho. A pr\u00f3pria Uni\u00e3o ingressou com a\u00e7\u00e3o em 2003 [&hellip;]<\/p>\n","protected":false},"author":75,"featured_media":21879,"comment_status":"open","ping_status":"closed","sticky":false,"template":"","format":"standard","meta":{"footnotes":""},"categories":[6],"tags":[56,2954,1152],"class_list":["post-21878","post","type-post","status-publish","format-standard","has-post-thumbnail","hentry","category-noticias","tag-justica","tag-paranoazinho","tag-uniao"],"_links":{"self":[{"href":"https:\/\/blogs.correiobraziliense.com.br\/cbpoder\/wp-json\/wp\/v2\/posts\/21878","targetHints":{"allow":["GET"]}}],"collection":[{"href":"https:\/\/blogs.correiobraziliense.com.br\/cbpoder\/wp-json\/wp\/v2\/posts"}],"about":[{"href":"https:\/\/blogs.correiobraziliense.com.br\/cbpoder\/wp-json\/wp\/v2\/types\/post"}],"author":[{"embeddable":true,"href":"https:\/\/blogs.correiobraziliense.com.br\/cbpoder\/wp-json\/wp\/v2\/users\/75"}],"replies":[{"embeddable":true,"href":"https:\/\/blogs.correiobraziliense.com.br\/cbpoder\/wp-json\/wp\/v2\/comments?post=21878"}],"version-history":[{"count":2,"href":"https:\/\/blogs.correiobraziliense.com.br\/cbpoder\/wp-json\/wp\/v2\/posts\/21878\/revisions"}],"predecessor-version":[{"id":21881,"href":"https:\/\/blogs.correiobraziliense.com.br\/cbpoder\/wp-json\/wp\/v2\/posts\/21878\/revisions\/21881"}],"wp:featuredmedia":[{"embeddable":true,"href":"https:\/\/blogs.correiobraziliense.com.br\/cbpoder\/wp-json\/wp\/v2\/media\/21879"}],"wp:attachment":[{"href":"https:\/\/blogs.correiobraziliense.com.br\/cbpoder\/wp-json\/wp\/v2\/media?parent=21878"}],"wp:term":[{"taxonomy":"category","embeddable":true,"href":"https:\/\/blogs.correiobraziliense.com.br\/cbpoder\/wp-json\/wp\/v2\/categories?post=21878"},{"taxonomy":"post_tag","embeddable":true,"href":"https:\/\/blogs.correiobraziliense.com.br\/cbpoder\/wp-json\/wp\/v2\/tags?post=21878"}],"curies":[{"name":"wp","href":"https:\/\/api.w.org\/{rel}","templated":true}]}}