{"id":21663,"date":"2021-06-28T11:05:59","date_gmt":"2021-06-28T14:05:59","guid":{"rendered":"https:\/\/blogs.correiobraziliense.com.br\/cbpoder\/?p=21663"},"modified":"2021-06-28T11:05:59","modified_gmt":"2021-06-28T14:05:59","slug":"caso-lazaro-se-o-resultado-foi-a-morte-foi-pela-situacao-de-confronto-diz-ibaneis","status":"publish","type":"post","link":"https:\/\/blogs.correiobraziliense.com.br\/cbpoder\/caso-lazaro-se-o-resultado-foi-a-morte-foi-pela-situacao-de-confronto-diz-ibaneis\/","title":{"rendered":"Caso L\u00e1zaro: se o resultado foi a morte, foi pela situa\u00e7\u00e3o de confronto, diz Ibaneis"},"content":{"rendered":"<h5>SAMARA SCHWINGEL<\/h5>\n<p>O governador do Distrito Federal, Ibaneis Rocha (MDB), manifestou-se sobre a captura e morte de L\u00e1zaro Barbosa de Sousa, 32 anos, na manh\u00e3 desta segunda-feira (28\/6). Segundo o chefe do Executivo local, o falecimento do procurado, ap\u00f3s 20 dias de buscas, n\u00e3o foi um erro policial.<\/p>\n<p>\u201cCertamente as pol\u00edcias fizeram o seu trabalho dentro dos limites da lei. Se o resultado foi a morte desse perigoso assassino, certamente foi pela situa\u00e7\u00e3o de confronto criada pelo pr\u00f3prio\u201d, afirmou ao <strong>Correio<\/strong>.<\/p>\n<p>L\u00e1zaro \u00e9 acusado de matar quatro pessoas de uma mesma fam\u00edlia em Ceil\u00e2ndia, em 9 de junho.<a href=\"https:\/\/www.correiobraziliense.com.br\/cidades-df\/2021\/06\/4934087-lazaro-barbosa-e-preso-em-goias-anuncia-caiado.html\"> Ele foi morto em troca de tiros com a pol\u00edcia na manh\u00e3 desta segunda-feira (28\/6), em \u00c1guas Lindas de Goi\u00e1s<\/a>. Ele chegou a ser levado para um hospital em \u00c1guas Lindas de Goi\u00e1s, mas n\u00e3o resistiu.<\/p>\n","protected":false},"excerpt":{"rendered":"<p>SAMARA SCHWINGEL O governador do Distrito Federal, Ibaneis Rocha (MDB), manifestou-se sobre a captura e morte de L\u00e1zaro Barbosa de Sousa, 32 anos, na manh\u00e3 desta segunda-feira (28\/6). Segundo o chefe do Executivo local, o falecimento do procurado, ap\u00f3s 20 dias de buscas, n\u00e3o foi um erro policial. \u201cCertamente as pol\u00edcias fizeram o seu trabalho dentro dos limites da lei. [&hellip;]<\/p>\n","protected":false},"author":75,"featured_media":20808,"comment_status":"open","ping_status":"closed","sticky":false,"template":"","format":"standard","meta":{"footnotes":""},"categories":[6],"tags":[2908,179,1597,966,2907,410],"class_list":["post-21663","post","type-post","status-publish","format-standard","has-post-thumbnail","hentry","category-noticias","tag-buscas","tag-df","tag-goias","tag-ibaneis","tag-lazaro","tag-prisao"],"_links":{"self":[{"href":"https:\/\/blogs.correiobraziliense.com.br\/cbpoder\/wp-json\/wp\/v2\/posts\/21663","targetHints":{"allow":["GET"]}}],"collection":[{"href":"https:\/\/blogs.correiobraziliense.com.br\/cbpoder\/wp-json\/wp\/v2\/posts"}],"about":[{"href":"https:\/\/blogs.correiobraziliense.com.br\/cbpoder\/wp-json\/wp\/v2\/types\/post"}],"author":[{"embeddable":true,"href":"https:\/\/blogs.correiobraziliense.com.br\/cbpoder\/wp-json\/wp\/v2\/users\/75"}],"replies":[{"embeddable":true,"href":"https:\/\/blogs.correiobraziliense.com.br\/cbpoder\/wp-json\/wp\/v2\/comments?post=21663"}],"version-history":[{"count":1,"href":"https:\/\/blogs.correiobraziliense.com.br\/cbpoder\/wp-json\/wp\/v2\/posts\/21663\/revisions"}],"predecessor-version":[{"id":21664,"href":"https:\/\/blogs.correiobraziliense.com.br\/cbpoder\/wp-json\/wp\/v2\/posts\/21663\/revisions\/21664"}],"wp:featuredmedia":[{"embeddable":true,"href":"https:\/\/blogs.correiobraziliense.com.br\/cbpoder\/wp-json\/wp\/v2\/media\/20808"}],"wp:attachment":[{"href":"https:\/\/blogs.correiobraziliense.com.br\/cbpoder\/wp-json\/wp\/v2\/media?parent=21663"}],"wp:term":[{"taxonomy":"category","embeddable":true,"href":"https:\/\/blogs.correiobraziliense.com.br\/cbpoder\/wp-json\/wp\/v2\/categories?post=21663"},{"taxonomy":"post_tag","embeddable":true,"href":"https:\/\/blogs.correiobraziliense.com.br\/cbpoder\/wp-json\/wp\/v2\/tags?post=21663"}],"curies":[{"name":"wp","href":"https:\/\/api.w.org\/{rel}","templated":true}]}}