{"id":21236,"date":"2021-04-14T15:29:14","date_gmt":"2021-04-14T18:29:14","guid":{"rendered":"https:\/\/blogs.correiobraziliense.com.br\/cbpoder\/?p=21236"},"modified":"2021-04-14T15:32:53","modified_gmt":"2021-04-14T18:32:53","slug":"propaganda-do-governo-bolsonaro-usa-imagem-do-petista-chico-vigilante","status":"publish","type":"post","link":"https:\/\/blogs.correiobraziliense.com.br\/cbpoder\/propaganda-do-governo-bolsonaro-usa-imagem-do-petista-chico-vigilante\/","title":{"rendered":"Propaganda do governo Bolsonaro usa imagem do petista Chico Vigilante"},"content":{"rendered":"<p>O <a href=\"https:\/\/www.gov.br\/saude\/pt-br\">Minist\u00e9rio de Sa\u00fade<\/a> acabou usando imagens do petista Chico Vigilante em propaganda feita pela pasta para divulgar a vacina\u00e7\u00e3o.<\/p>\n<p>Provavelmente sem reconhecer o distrital, uma equipe de produ\u00e7\u00e3o pediu para registrar o momento em que ele era imunizado na semana passada.<\/p>\n<p>&#8220;Eu fui vacinar e tinha uma equipe filmando e perguntaram se autorizava. Nem perguntei do que era e aceitei. O problema \u00e9 que acho que agora o Bolsonaro vai mandar demitir o pessoal que produziu&#8221;, brincou o deputado.<\/p>\n<p>&#8220;Por mim, tudo bem aparecer. Eu quero mais \u00e9 divulgar a vacina porque \u00e9 o \u00fanico rem\u00e9dio que a gente tem.&#8221;<\/p>\n<h3>Veja o v\u00eddeo:<\/h3>\n<p>https:\/\/www.facebook.com\/minsaude\/posts\/4491063204245594<\/p>\n","protected":false},"excerpt":{"rendered":"<p>O Minist\u00e9rio de Sa\u00fade acabou usando imagens do petista Chico Vigilante em propaganda feita pela pasta para divulgar a vacina\u00e7\u00e3o. Provavelmente sem reconhecer o distrital, uma equipe de produ\u00e7\u00e3o pediu para registrar o momento em que ele era imunizado na semana passada. &#8220;Eu fui vacinar e tinha uma equipe filmando e perguntaram se autorizava. Nem perguntei do que era e [&hellip;]<\/p>\n","protected":false},"author":75,"featured_media":21237,"comment_status":"open","ping_status":"closed","sticky":false,"template":"","format":"standard","meta":{"footnotes":""},"categories":[6],"tags":[192,995,2663],"class_list":["post-21236","post","type-post","status-publish","format-standard","has-post-thumbnail","hentry","category-noticias","tag-chico-vigilante","tag-propaganda","tag-vacinacao"],"_links":{"self":[{"href":"https:\/\/blogs.correiobraziliense.com.br\/cbpoder\/wp-json\/wp\/v2\/posts\/21236","targetHints":{"allow":["GET"]}}],"collection":[{"href":"https:\/\/blogs.correiobraziliense.com.br\/cbpoder\/wp-json\/wp\/v2\/posts"}],"about":[{"href":"https:\/\/blogs.correiobraziliense.com.br\/cbpoder\/wp-json\/wp\/v2\/types\/post"}],"author":[{"embeddable":true,"href":"https:\/\/blogs.correiobraziliense.com.br\/cbpoder\/wp-json\/wp\/v2\/users\/75"}],"replies":[{"embeddable":true,"href":"https:\/\/blogs.correiobraziliense.com.br\/cbpoder\/wp-json\/wp\/v2\/comments?post=21236"}],"version-history":[{"count":1,"href":"https:\/\/blogs.correiobraziliense.com.br\/cbpoder\/wp-json\/wp\/v2\/posts\/21236\/revisions"}],"predecessor-version":[{"id":21238,"href":"https:\/\/blogs.correiobraziliense.com.br\/cbpoder\/wp-json\/wp\/v2\/posts\/21236\/revisions\/21238"}],"wp:featuredmedia":[{"embeddable":true,"href":"https:\/\/blogs.correiobraziliense.com.br\/cbpoder\/wp-json\/wp\/v2\/media\/21237"}],"wp:attachment":[{"href":"https:\/\/blogs.correiobraziliense.com.br\/cbpoder\/wp-json\/wp\/v2\/media?parent=21236"}],"wp:term":[{"taxonomy":"category","embeddable":true,"href":"https:\/\/blogs.correiobraziliense.com.br\/cbpoder\/wp-json\/wp\/v2\/categories?post=21236"},{"taxonomy":"post_tag","embeddable":true,"href":"https:\/\/blogs.correiobraziliense.com.br\/cbpoder\/wp-json\/wp\/v2\/tags?post=21236"}],"curies":[{"name":"wp","href":"https:\/\/api.w.org\/{rel}","templated":true}]}}