{"id":20726,"date":"2021-02-19T15:35:30","date_gmt":"2021-02-19T18:35:30","guid":{"rendered":"https:\/\/blogs.correiobraziliense.com.br\/cbpoder\/?p=20726"},"modified":"2021-02-19T15:35:30","modified_gmt":"2021-02-19T18:35:30","slug":"vacinacao-projeto-na-cldf-propoe-multa-de-ate-r-200-mil-para-fura-filas","status":"publish","type":"post","link":"https:\/\/blogs.correiobraziliense.com.br\/cbpoder\/vacinacao-projeto-na-cldf-propoe-multa-de-ate-r-200-mil-para-fura-filas\/","title":{"rendered":"Vacina\u00e7\u00e3o: projeto na CLDF prop\u00f5e multa de at\u00e9 R$ 200 mil para fura-filas"},"content":{"rendered":"<p>Um projeto do deputado distrital <a href=\"https:\/\/blogs.correiobraziliense.com.br\/cbpoder\/camara-legislativa-inaugura-sistema-de-votacoes-de-olho-na-transparencia\/\">Rodrigo Delmasso<\/a> (Republicanos) prop\u00f5e que os fura-filas do Distrito Federal na campanha de vacina\u00e7\u00e3o contra covid-19 sejam punidos com multa. O parlamentar prop\u00f4s valores que v\u00e3o at\u00e9 R$ 200 mil para quem praticar a irregularidade.<\/p>\n<p>Caso comprovada a fraude na ordem priorit\u00e1ria, o infrator ser\u00e1 punido em R$ 100 mil. No caso de agentes p\u00fablicos, o valor dobra e h\u00e1 previs\u00e3o tamb\u00e9m de medidas administrativas. Por isso, os valores podem chegar a R$ 200 mil.<\/p>\n<p>Tanto a C\u00e2mara Legislativa quanto o Minist\u00e9rio P\u00fablico do Distrito Federal e Territ\u00f3rios (MPDFT) <a href=\"https:\/\/www.correiobraziliense.com.br\/cidades-df\/2021\/01\/4903196-vacina-hub-e-icdf-sao-alvos-de-denuncias-de-fura-filas.html\">apuram den\u00fancias de fura-filas<\/a> na campanha de vacina\u00e7\u00e3o no DF.<\/p>\n<p>&#8220;Trata-se de medida necess\u00e1ria que, al\u00e9m de ser socialmente adequada \u00e9 tamb\u00e9m constitucional em todos os aspectos formal e material, encontrando respaldo, inclusive, na pr\u00f3pria jurisprud\u00eancia&#8221;, diz o deputado na justificativa da projeto, que pode ir a Plen\u00e1rio na pr\u00f3xima semana.<\/p>\n","protected":false},"excerpt":{"rendered":"<p>Um projeto do deputado distrital Rodrigo Delmasso (Republicanos) prop\u00f5e que os fura-filas do Distrito Federal na campanha de vacina\u00e7\u00e3o contra covid-19 sejam punidos com multa. O parlamentar prop\u00f4s valores que v\u00e3o at\u00e9 R$ 200 mil para quem praticar a irregularidade. Caso comprovada a fraude na ordem priorit\u00e1ria, o infrator ser\u00e1 punido em R$ 100 mil. No caso de agentes p\u00fablicos, [&hellip;]<\/p>\n","protected":false},"author":75,"featured_media":20714,"comment_status":"open","ping_status":"closed","sticky":false,"template":"","format":"standard","meta":{"footnotes":""},"categories":[6],"tags":[2724,171,134,2663],"class_list":["post-20726","post","type-post","status-publish","format-standard","has-post-thumbnail","hentry","category-noticias","tag-fura-filas","tag-multa","tag-vacina","tag-vacinacao"],"_links":{"self":[{"href":"https:\/\/blogs.correiobraziliense.com.br\/cbpoder\/wp-json\/wp\/v2\/posts\/20726","targetHints":{"allow":["GET"]}}],"collection":[{"href":"https:\/\/blogs.correiobraziliense.com.br\/cbpoder\/wp-json\/wp\/v2\/posts"}],"about":[{"href":"https:\/\/blogs.correiobraziliense.com.br\/cbpoder\/wp-json\/wp\/v2\/types\/post"}],"author":[{"embeddable":true,"href":"https:\/\/blogs.correiobraziliense.com.br\/cbpoder\/wp-json\/wp\/v2\/users\/75"}],"replies":[{"embeddable":true,"href":"https:\/\/blogs.correiobraziliense.com.br\/cbpoder\/wp-json\/wp\/v2\/comments?post=20726"}],"version-history":[{"count":1,"href":"https:\/\/blogs.correiobraziliense.com.br\/cbpoder\/wp-json\/wp\/v2\/posts\/20726\/revisions"}],"predecessor-version":[{"id":20727,"href":"https:\/\/blogs.correiobraziliense.com.br\/cbpoder\/wp-json\/wp\/v2\/posts\/20726\/revisions\/20727"}],"wp:featuredmedia":[{"embeddable":true,"href":"https:\/\/blogs.correiobraziliense.com.br\/cbpoder\/wp-json\/wp\/v2\/media\/20714"}],"wp:attachment":[{"href":"https:\/\/blogs.correiobraziliense.com.br\/cbpoder\/wp-json\/wp\/v2\/media?parent=20726"}],"wp:term":[{"taxonomy":"category","embeddable":true,"href":"https:\/\/blogs.correiobraziliense.com.br\/cbpoder\/wp-json\/wp\/v2\/categories?post=20726"},{"taxonomy":"post_tag","embeddable":true,"href":"https:\/\/blogs.correiobraziliense.com.br\/cbpoder\/wp-json\/wp\/v2\/tags?post=20726"}],"curies":[{"name":"wp","href":"https:\/\/api.w.org\/{rel}","templated":true}]}}