{"id":20573,"date":"2021-01-28T13:53:38","date_gmt":"2021-01-28T16:53:38","guid":{"rendered":"https:\/\/blogs.correiobraziliense.com.br\/cbpoder\/?p=20573"},"modified":"2021-01-28T13:53:38","modified_gmt":"2021-01-28T16:53:38","slug":"ibaneis-troca-comando-do-slu","status":"publish","type":"post","link":"https:\/\/blogs.correiobraziliense.com.br\/cbpoder\/ibaneis-troca-comando-do-slu\/","title":{"rendered":"Ibaneis troca comando do SLU"},"content":{"rendered":"<p>O governador Ibaneis Rocha (MDB) modificou o comando do Servi\u00e7o de Limpeza Urbana do DF (SLU). Ele exonerou\u00a0Jair Vieira Tann\u00fas Junior do cargo e nomeou S\u00edlvio de Morais Vieira.<\/p>\n<p>A decis\u00e3o foi publicada no Di\u00e1rio Oficial do DF (DODF) nesta quinta-feira (28\/1). Jair deixa o cargo depois de seis meses \u00e0 frente do \u00f3rg\u00e3o.<\/p>\n<p>O novo presidente \u00e9 advogado e servidor concursado da Secretaria de Economia. Trabalhou com a deputada federal Celina Le\u00e3o (PP) e estava na chefia da Unidade de Controle Interno da Secretaria de Esporte e Lazer.<\/p>\n","protected":false},"excerpt":{"rendered":"<p>O governador Ibaneis Rocha (MDB) modificou o comando do Servi\u00e7o de Limpeza Urbana do DF (SLU). Ele exonerou\u00a0Jair Vieira Tann\u00fas Junior do cargo e nomeou S\u00edlvio de Morais Vieira. A decis\u00e3o foi publicada no Di\u00e1rio Oficial do DF (DODF) nesta quinta-feira (28\/1). Jair deixa o cargo depois de seis meses \u00e0 frente do \u00f3rg\u00e3o. O novo presidente \u00e9 advogado e [&hellip;]<\/p>\n","protected":false},"author":75,"featured_media":20069,"comment_status":"open","ping_status":"closed","sticky":false,"template":"","format":"standard","meta":{"footnotes":""},"categories":[6],"tags":[966,1985],"class_list":["post-20573","post","type-post","status-publish","format-standard","has-post-thumbnail","hentry","category-noticias","tag-ibaneis","tag-slu"],"_links":{"self":[{"href":"https:\/\/blogs.correiobraziliense.com.br\/cbpoder\/wp-json\/wp\/v2\/posts\/20573","targetHints":{"allow":["GET"]}}],"collection":[{"href":"https:\/\/blogs.correiobraziliense.com.br\/cbpoder\/wp-json\/wp\/v2\/posts"}],"about":[{"href":"https:\/\/blogs.correiobraziliense.com.br\/cbpoder\/wp-json\/wp\/v2\/types\/post"}],"author":[{"embeddable":true,"href":"https:\/\/blogs.correiobraziliense.com.br\/cbpoder\/wp-json\/wp\/v2\/users\/75"}],"replies":[{"embeddable":true,"href":"https:\/\/blogs.correiobraziliense.com.br\/cbpoder\/wp-json\/wp\/v2\/comments?post=20573"}],"version-history":[{"count":1,"href":"https:\/\/blogs.correiobraziliense.com.br\/cbpoder\/wp-json\/wp\/v2\/posts\/20573\/revisions"}],"predecessor-version":[{"id":20574,"href":"https:\/\/blogs.correiobraziliense.com.br\/cbpoder\/wp-json\/wp\/v2\/posts\/20573\/revisions\/20574"}],"wp:featuredmedia":[{"embeddable":true,"href":"https:\/\/blogs.correiobraziliense.com.br\/cbpoder\/wp-json\/wp\/v2\/media\/20069"}],"wp:attachment":[{"href":"https:\/\/blogs.correiobraziliense.com.br\/cbpoder\/wp-json\/wp\/v2\/media?parent=20573"}],"wp:term":[{"taxonomy":"category","embeddable":true,"href":"https:\/\/blogs.correiobraziliense.com.br\/cbpoder\/wp-json\/wp\/v2\/categories?post=20573"},{"taxonomy":"post_tag","embeddable":true,"href":"https:\/\/blogs.correiobraziliense.com.br\/cbpoder\/wp-json\/wp\/v2\/tags?post=20573"}],"curies":[{"name":"wp","href":"https:\/\/api.w.org\/{rel}","templated":true}]}}