{"id":19679,"date":"2020-09-16T17:28:57","date_gmt":"2020-09-16T20:28:57","guid":{"rendered":"https:\/\/blogs.correiobraziliense.com.br\/cbpoder\/?p=19679"},"modified":"2020-09-16T17:28:57","modified_gmt":"2020-09-16T20:28:57","slug":"mpdft-vai-apurar-suspeitas-de-rachadinha-na-cldf","status":"publish","type":"post","link":"https:\/\/blogs.correiobraziliense.com.br\/cbpoder\/mpdft-vai-apurar-suspeitas-de-rachadinha-na-cldf\/","title":{"rendered":"MPDFT vai apurar suspeitas de rachadinha na CLDF"},"content":{"rendered":"<p>O Minist\u00e9rio P\u00fablico do Distrito Federal e Territ\u00f3rios (MPDFT) instaurou inqu\u00e9rito para apurar suspeitas de rachadinha no gabinete de um deputado distrital.<\/p>\n<p>A medida foi oficializada em portaria no Di\u00e1rio Oficial da Uni\u00e3o desta quarta-feira (16\/9), assinada pelo promotor Alexandre Fernandes Gon\u00e7alves.<\/p>\n<p>O inqu\u00e9rito vai &#8220;apurar ind\u00edcios de improbidade administrativa e de outros il\u00edcitos em decorr\u00eancia da eventual pr\u00e1tica de solicita\u00e7\u00e3o de contribui\u00e7\u00e3o mensal por parte de servidores no Gabinete de Deputado Distrital.&#8221;<\/p>\n<p>A investiga\u00e7\u00e3o corre em sigilo e o nome do parlamentar n\u00e3o foi divulgado pelo MPDFT para evitar que a apura\u00e7\u00e3o seja atrapalhada. Servidores do gabinete ser\u00e3o ouvidos pelo \u00f3rg\u00e3o.<\/p>\n","protected":false},"excerpt":{"rendered":"<p>O Minist\u00e9rio P\u00fablico do Distrito Federal e Territ\u00f3rios (MPDFT) instaurou inqu\u00e9rito para apurar suspeitas de rachadinha no gabinete de um deputado distrital. A medida foi oficializada em portaria no Di\u00e1rio Oficial da Uni\u00e3o desta quarta-feira (16\/9), assinada pelo promotor Alexandre Fernandes Gon\u00e7alves. O inqu\u00e9rito vai &#8220;apurar ind\u00edcios de improbidade administrativa e de outros il\u00edcitos em decorr\u00eancia da eventual pr\u00e1tica de [&hellip;]<\/p>\n","protected":false},"author":75,"featured_media":18956,"comment_status":"open","ping_status":"closed","sticky":false,"template":"","format":"standard","meta":{"footnotes":""},"categories":[6],"tags":[400,1723,498,2524],"class_list":["post-19679","post","type-post","status-publish","format-standard","has-post-thumbnail","hentry","category-noticias","tag-cldf","tag-inquerito","tag-mpdft","tag-rachadinha"],"_links":{"self":[{"href":"https:\/\/blogs.correiobraziliense.com.br\/cbpoder\/wp-json\/wp\/v2\/posts\/19679","targetHints":{"allow":["GET"]}}],"collection":[{"href":"https:\/\/blogs.correiobraziliense.com.br\/cbpoder\/wp-json\/wp\/v2\/posts"}],"about":[{"href":"https:\/\/blogs.correiobraziliense.com.br\/cbpoder\/wp-json\/wp\/v2\/types\/post"}],"author":[{"embeddable":true,"href":"https:\/\/blogs.correiobraziliense.com.br\/cbpoder\/wp-json\/wp\/v2\/users\/75"}],"replies":[{"embeddable":true,"href":"https:\/\/blogs.correiobraziliense.com.br\/cbpoder\/wp-json\/wp\/v2\/comments?post=19679"}],"version-history":[{"count":1,"href":"https:\/\/blogs.correiobraziliense.com.br\/cbpoder\/wp-json\/wp\/v2\/posts\/19679\/revisions"}],"predecessor-version":[{"id":19680,"href":"https:\/\/blogs.correiobraziliense.com.br\/cbpoder\/wp-json\/wp\/v2\/posts\/19679\/revisions\/19680"}],"wp:featuredmedia":[{"embeddable":true,"href":"https:\/\/blogs.correiobraziliense.com.br\/cbpoder\/wp-json\/wp\/v2\/media\/18956"}],"wp:attachment":[{"href":"https:\/\/blogs.correiobraziliense.com.br\/cbpoder\/wp-json\/wp\/v2\/media?parent=19679"}],"wp:term":[{"taxonomy":"category","embeddable":true,"href":"https:\/\/blogs.correiobraziliense.com.br\/cbpoder\/wp-json\/wp\/v2\/categories?post=19679"},{"taxonomy":"post_tag","embeddable":true,"href":"https:\/\/blogs.correiobraziliense.com.br\/cbpoder\/wp-json\/wp\/v2\/tags?post=19679"}],"curies":[{"name":"wp","href":"https:\/\/api.w.org\/{rel}","templated":true}]}}