{"id":19328,"date":"2020-08-17T17:47:53","date_gmt":"2020-08-17T20:47:53","guid":{"rendered":"https:\/\/blogs.correiobraziliense.com.br\/cbpoder\/?p=19328"},"modified":"2020-08-17T17:49:47","modified_gmt":"2020-08-17T20:49:47","slug":"justica-suspende-acordo-que-permitia-demissoes-mais-baratas-em-hoteis-bares-e-restaurantes-do-df","status":"publish","type":"post","link":"https:\/\/blogs.correiobraziliense.com.br\/cbpoder\/justica-suspende-acordo-que-permitia-demissoes-mais-baratas-em-hoteis-bares-e-restaurantes-do-df\/","title":{"rendered":"Justi\u00e7a suspende acordo que permitia demiss\u00f5es mais baratas em hot\u00e9is, bares e restaurantes do DF"},"content":{"rendered":"<p>A Justi\u00e7a suspendeu, nesta segunda (17\/8), a validade de um termo aditivo na conven\u00e7\u00e3o coletiva de trabalho do setor de bares, restaurantes e hot\u00e9is para permitir demiss\u00f5es mais baratas. O pedido de liminar partiu do Minist\u00e9rio P\u00fablico do Trabalho (MPT) e foi deferida pelo desembargador Alexandre Nery, do Tribunal Regional do Trabalho da 10\u00aa Regi\u00e3o.<\/p>\n<p>Com o acordo, as demiss\u00f5es poderiam ocorrer sem aviso pr\u00e9vio e com redu\u00e7\u00e3o de 40% da multa do FGTS. A mudan\u00e7a foi inclu\u00edda por termo aditivo na conven\u00e7\u00e3o coletiva de trabalho dos funcion\u00e1rios\u00a0Sindicato dos Empregados no Com\u00e9rcio Hoteleiro, Restaurantes, Bares, Lanchonetes e Similares do Distrito Federal (Sechosc) e do Sindicato de Hot\u00e9is, Restaurantes, Bares e Similares de Bras\u00edlia (Sindhobar).<\/p>\n<p>Na semana passada, os sindicatos j\u00e1 tinham retirado os artigos questionados do acordo trabalhista. Por\u00e9m, caso a proibi\u00e7\u00e3o seja confirmada em car\u00e1ter definitivo, a altera\u00e7\u00e3o ser\u00e1 retroativa e funcion\u00e1rios demitidos durante a vig\u00eancia das regras suspensas ter\u00e3o direito a receber os valores suprimidos pelo termo aditivo.<\/p>\n<p>&#8220;Inequivocamente a persist\u00eancia do primeiro Termo Aditivo resulta efeitos por norma firmada fora de padr\u00f5es estabelecidos, com risco \u00e0 seguran\u00e7a jur\u00eddica para toda a categoria envolvida&#8221;, avalia o desembargador em trecho da decis\u00e3o.<\/p>\n<p>Segundo o desembargador, o acordo foi firmado fora dos processos legais. &#8220;A manifesta\u00e7\u00e3o do sindicato patronal, ent\u00e3o em sede de inqu\u00e9rito civil instaurado pelo MPT, j\u00e1 evidencia que n\u00e3o houve uso de meios eletr\u00f4nicos para a convoca\u00e7\u00e3o e delibera\u00e7\u00e3o das categorias, situando-se o Termo Aditivo em confessada atua\u00e7\u00e3o restrita de seus dirigentes, fora, assim, das exig\u00eancias legais, que n\u00e3o foram revogadas pela legisla\u00e7\u00e3o excepcional do per\u00edodo de pandemia.&#8221;<\/p>\n","protected":false},"excerpt":{"rendered":"<p>A Justi\u00e7a suspendeu, nesta segunda (17\/8), a validade de um termo aditivo na conven\u00e7\u00e3o coletiva de trabalho do setor de bares, restaurantes e hot\u00e9is para permitir demiss\u00f5es mais baratas. O pedido de liminar partiu do Minist\u00e9rio P\u00fablico do Trabalho (MPT) e foi deferida pelo desembargador Alexandre Nery, do Tribunal Regional do Trabalho da 10\u00aa Regi\u00e3o. Com o acordo, as demiss\u00f5es [&hellip;]<\/p>\n","protected":false},"author":75,"featured_media":19092,"comment_status":"open","ping_status":"closed","sticky":false,"template":"","format":"standard","meta":{"footnotes":""},"categories":[6],"tags":[656,2466,655],"class_list":["post-19328","post","type-post","status-publish","format-standard","has-post-thumbnail","hentry","category-noticias","tag-bares","tag-demissoes","tag-restaurantes"],"_links":{"self":[{"href":"https:\/\/blogs.correiobraziliense.com.br\/cbpoder\/wp-json\/wp\/v2\/posts\/19328","targetHints":{"allow":["GET"]}}],"collection":[{"href":"https:\/\/blogs.correiobraziliense.com.br\/cbpoder\/wp-json\/wp\/v2\/posts"}],"about":[{"href":"https:\/\/blogs.correiobraziliense.com.br\/cbpoder\/wp-json\/wp\/v2\/types\/post"}],"author":[{"embeddable":true,"href":"https:\/\/blogs.correiobraziliense.com.br\/cbpoder\/wp-json\/wp\/v2\/users\/75"}],"replies":[{"embeddable":true,"href":"https:\/\/blogs.correiobraziliense.com.br\/cbpoder\/wp-json\/wp\/v2\/comments?post=19328"}],"version-history":[{"count":3,"href":"https:\/\/blogs.correiobraziliense.com.br\/cbpoder\/wp-json\/wp\/v2\/posts\/19328\/revisions"}],"predecessor-version":[{"id":19331,"href":"https:\/\/blogs.correiobraziliense.com.br\/cbpoder\/wp-json\/wp\/v2\/posts\/19328\/revisions\/19331"}],"wp:featuredmedia":[{"embeddable":true,"href":"https:\/\/blogs.correiobraziliense.com.br\/cbpoder\/wp-json\/wp\/v2\/media\/19092"}],"wp:attachment":[{"href":"https:\/\/blogs.correiobraziliense.com.br\/cbpoder\/wp-json\/wp\/v2\/media?parent=19328"}],"wp:term":[{"taxonomy":"category","embeddable":true,"href":"https:\/\/blogs.correiobraziliense.com.br\/cbpoder\/wp-json\/wp\/v2\/categories?post=19328"},{"taxonomy":"post_tag","embeddable":true,"href":"https:\/\/blogs.correiobraziliense.com.br\/cbpoder\/wp-json\/wp\/v2\/tags?post=19328"}],"curies":[{"name":"wp","href":"https:\/\/api.w.org\/{rel}","templated":true}]}}