{"id":19325,"date":"2020-08-17T16:55:44","date_gmt":"2020-08-17T19:55:44","guid":{"rendered":"https:\/\/blogs.correiobraziliense.com.br\/cbpoder\/?p=19325"},"modified":"2020-08-17T16:55:44","modified_gmt":"2020-08-17T19:55:44","slug":"distritais-pedem-investigacao-contra-sara-winter-por-divulgar-dados-de-crianca-estuprada","status":"publish","type":"post","link":"https:\/\/blogs.correiobraziliense.com.br\/cbpoder\/distritais-pedem-investigacao-contra-sara-winter-por-divulgar-dados-de-crianca-estuprada\/","title":{"rendered":"Distritais pedem investiga\u00e7\u00e3o contra Sara Winter por divulgar dados de crian\u00e7a estuprada"},"content":{"rendered":"<p>Distritais da Frente Parlamentar da Promo\u00e7\u00e3o dos Direitos da Crian\u00e7a e do Adolescente ingressaram com not\u00edcia-crime contra a extremista Sara Winter, que divulgou dados de uma crian\u00e7a de 10 anos, v\u00edtima de estupro. As informa\u00e7\u00f5es da menina, que engravidou, estavam protegidas por sigilo de Justi\u00e7a. Os parlamentares pedem que a Delegacia da Crian\u00e7a e a Promotoria da Inf\u00e2ncia e da Adolesc\u00eancia do Distrito Federal processem Sara.<\/p>\n<p><a href=\"https:\/\/www.correiobraziliense.com.br\/brasil\/2020\/08\/4868931-sara-winter-diz-nome-de-crianca-gravida-e-debora-diniz-reage---crime-terrivel.html\">A extremista publicou os dados da crian\u00e7a nas redes sociais<\/a> e <a href=\"https:\/\/www.correiobraziliense.com.br\/brasil\/2020\/08\/4868935-video--hospital-onde-menina-passara-por-aborto-vira-palco-de-confusao.html\">divulgou o local onde seria realizado um aborto lega<\/a>l. A den\u00fancia \u00e9 assinada por Arlete Sampaio (PT), F\u00e1bio Felix (PSol) e Leandro Grass (Rede). Eles alegam que a extremista violou os arts. 16 e 17 do Estatuto da Crian\u00e7a e do Adolescente, \u201cque consagram o dever de todos de zelar pelo respeito e pela dignidade das crian\u00e7as e adolescentes, al\u00e9m do art. 247, que pro\u00edbe a divulga\u00e7\u00e3o de qualquer documento, ato, dado ou ilustra\u00e7\u00e3o que permita a identifica\u00e7\u00e3o de crian\u00e7a ou adolescente\u201d.<\/p>\n<p>A investiga\u00e7\u00e3o, defendem os parlamentares, deve ocorrer em \u00e2mbito local, pois Sara mora no Distrito Federal.<\/p>\n<p>\u201cA Justi\u00e7a precisa investigar com urg\u00eancia como Sara Giromini, que foi coordenadora-geral de Aten\u00e7\u00e3o Integral \u00e0 Gestante e \u00e0 Maternidade no minist\u00e9rio comandado por Damares, conseguiu o endere\u00e7o do hospital onde o procedimento foi realizado\u201d, diz o presidente da Frente Parlamentar da Inf\u00e2ncia e da Adolesc\u00eancia, F\u00e1bio Felix. \u201cTemos que exigir que Sara e as autoridades que tenham colaborado para o vazamento de informa\u00e7\u00f5es sigilosas sejam punidas pelos diversos crimes que praticaram ao expor uma crian\u00e7a de 10 anos a diversos riscos\u201d, afirma.<\/p>\n<p>A deputada distrital Arlete Sampaio (PT) afirma que as a\u00e7\u00f5es da extremista extrapolam os limites da internet. \u201cAo expor o nome da menina, expor a fam\u00edlia e expor os profissionais de sa\u00fade, ela demonstra n\u00e3o ter preocupa\u00e7\u00e3o com a vida. Com essa atitude, preferiu submeter uma crian\u00e7a triplamente violentada ao risco de morrer\u201d, argumentou.<\/p>\n<p>Leandro Grass afirmou que \u00e9 preciso proteger a crian\u00e7a e evitar a exposi\u00e7\u00e3o dela. \u201cN\u00f3s, como sociedade, devemos oferecer todo o amparo a essa crian\u00e7a para que tenha condi\u00e7\u00f5es de lidar com a barb\u00e1rie que viveu. Ela \u00e9 v\u00edtima n\u00e3o s\u00f3 dos terr\u00edveis abusos que sofreu do seu agressor, mas tamb\u00e9m de uma sociedade permissiva, sexista e incoerente\u201d, comenta.<\/p>\n<p>O <strong>Correio<\/strong> tenta contato com a defesa de Sara.<\/p>\n","protected":false},"excerpt":{"rendered":"<p>Distritais da Frente Parlamentar da Promo\u00e7\u00e3o dos Direitos da Crian\u00e7a e do Adolescente ingressaram com not\u00edcia-crime contra a extremista Sara Winter, que divulgou dados de uma crian\u00e7a de 10 anos, v\u00edtima de estupro. As informa\u00e7\u00f5es da menina, que engravidou, estavam protegidas por sigilo de Justi\u00e7a. Os parlamentares pedem que a Delegacia da Crian\u00e7a e a Promotoria da Inf\u00e2ncia e da [&hellip;]<\/p>\n","protected":false},"author":75,"featured_media":19326,"comment_status":"open","ping_status":"closed","sticky":false,"template":"","format":"standard","meta":{"footnotes":""},"categories":[6],"tags":[70,400,2421],"class_list":["post-19325","post","type-post","status-publish","format-standard","has-post-thumbnail","hentry","category-noticias","tag-camara-legislativa","tag-cldf","tag-sara-winter"],"_links":{"self":[{"href":"https:\/\/blogs.correiobraziliense.com.br\/cbpoder\/wp-json\/wp\/v2\/posts\/19325","targetHints":{"allow":["GET"]}}],"collection":[{"href":"https:\/\/blogs.correiobraziliense.com.br\/cbpoder\/wp-json\/wp\/v2\/posts"}],"about":[{"href":"https:\/\/blogs.correiobraziliense.com.br\/cbpoder\/wp-json\/wp\/v2\/types\/post"}],"author":[{"embeddable":true,"href":"https:\/\/blogs.correiobraziliense.com.br\/cbpoder\/wp-json\/wp\/v2\/users\/75"}],"replies":[{"embeddable":true,"href":"https:\/\/blogs.correiobraziliense.com.br\/cbpoder\/wp-json\/wp\/v2\/comments?post=19325"}],"version-history":[{"count":1,"href":"https:\/\/blogs.correiobraziliense.com.br\/cbpoder\/wp-json\/wp\/v2\/posts\/19325\/revisions"}],"predecessor-version":[{"id":19327,"href":"https:\/\/blogs.correiobraziliense.com.br\/cbpoder\/wp-json\/wp\/v2\/posts\/19325\/revisions\/19327"}],"wp:featuredmedia":[{"embeddable":true,"href":"https:\/\/blogs.correiobraziliense.com.br\/cbpoder\/wp-json\/wp\/v2\/media\/19326"}],"wp:attachment":[{"href":"https:\/\/blogs.correiobraziliense.com.br\/cbpoder\/wp-json\/wp\/v2\/media?parent=19325"}],"wp:term":[{"taxonomy":"category","embeddable":true,"href":"https:\/\/blogs.correiobraziliense.com.br\/cbpoder\/wp-json\/wp\/v2\/categories?post=19325"},{"taxonomy":"post_tag","embeddable":true,"href":"https:\/\/blogs.correiobraziliense.com.br\/cbpoder\/wp-json\/wp\/v2\/tags?post=19325"}],"curies":[{"name":"wp","href":"https:\/\/api.w.org\/{rel}","templated":true}]}}