{"id":19192,"date":"2020-07-28T16:56:48","date_gmt":"2020-07-28T19:56:48","guid":{"rendered":"https:\/\/blogs.correiobraziliense.com.br\/cbpoder\/?p=19192"},"modified":"2020-07-28T16:56:48","modified_gmt":"2020-07-28T19:56:48","slug":"cldf-contabiliza-26-infectados-pelo-novo-coronavirus","status":"publish","type":"post","link":"https:\/\/blogs.correiobraziliense.com.br\/cbpoder\/cldf-contabiliza-26-infectados-pelo-novo-coronavirus\/","title":{"rendered":"CLDF contabiliza 26 infectados pelo novo coronav\u00edrus"},"content":{"rendered":"<h4><strong>THAIS UMBELINO<\/strong><\/h4>\n<p>A C\u00e2mara Legislativa registrou at\u00e9 esta ter\u00e7a-feira (28\/7)\u00a0 26 casos de infectados, entre parlamentares e servidores, pelo novo coronav\u00edrus. Entre os deputados, est\u00e3o Daniel Donizet (PSDB), j\u00e1 recuperado; Rodrigo Delmasso (Republicanos), Martins Machado (Republicanos) e Iolando (PSC). Nenhum deles precisou ser internado.<\/p>\n<p>Em 14 de julho, o deputado Daniel Donizet foi o primeiro a anunciar, em rede social, que tinha sido infectado pelo v\u00edrus. Em postagem, ele disse que estava bem e apresentava sintomas leves. Nesta ter\u00e7a-feira (28\/7) ele anunciou recupera\u00e7\u00e3o ap\u00f3s fazer exame com resultado negativo para o v\u00edrus.<\/p>\n<p>Em 16 julho, Martins Machado divulgou que ele e a mulher tinham sido infectados. \u201cEstamos bem, isolados, com sintomas leves e n\u00e3o somos do grupo de risco\u201d, disse.<\/p>\n<p>O deputado Iolando Almeida (PSC) se se recupera em casa h\u00e1 aproximadamente 10 dias. \u201cEstou bem melhor, tive v\u00e1rios sintomas durante a recupera\u00e7\u00e3o como \u00e2nsia de v\u00f4mito, muita dor de cabe\u00e7a, tosses fortes e ap\u00f3s tomografia no meu pulm\u00e3o constatei que o \u00f3rg\u00e3o teve 15% a 20% de comprometimento\u201d, contou. Como alerta, o parlamentar pediu para que as pessoas se previnam, tomem os cuidados necess\u00e1rios, se alimentem bem e usem m\u00e1scaras. \u201cMesmo eu me cuidando, acabei sendo infectado, ent\u00e3o \u00e9 necess\u00e1rio tomar cuidado sempre\u201d, aconselhou.<\/p>\n<p>Depois dele,\u00a0 o deputado distrital Rodrigo Delmasso (Republicanos) recebeu diagn\u00f3stico positivo para o novo coronav\u00edrus. Apesar de n\u00e3o apresentar sintomas, o parlamentar decidiu fazer tratamento com cloroquina.<\/p>\n<p>Al\u00e9m dos parlamentares, 22 servidores da Casa tiveram diagn\u00f3stico positivo para o v\u00edrus mesmo ap\u00f3s redu\u00e7\u00e3o e rod\u00edzio da equipe administrativa para preven\u00e7\u00e3o ao cont\u00e1gio pelo coronav\u00edrus e de testes peri\u00f3dicos em funcion\u00e1rios que est\u00e3o em servi\u00e7o presencial.<\/p>\n","protected":false},"excerpt":{"rendered":"<p>THAIS UMBELINO A C\u00e2mara Legislativa registrou at\u00e9 esta ter\u00e7a-feira (28\/7)\u00a0 26 casos de infectados, entre parlamentares e servidores, pelo novo coronav\u00edrus. Entre os deputados, est\u00e3o Daniel Donizet (PSDB), j\u00e1 recuperado; Rodrigo Delmasso (Republicanos), Martins Machado (Republicanos) e Iolando (PSC). Nenhum deles precisou ser internado. Em 14 de julho, o deputado Daniel Donizet foi o primeiro a anunciar, em rede social, [&hellip;]<\/p>\n","protected":false},"author":118,"featured_media":14991,"comment_status":"open","ping_status":"closed","sticky":false,"template":"","format":"standard","meta":{"footnotes":""},"categories":[6],"tags":[70,400,2085,2151],"class_list":["post-19192","post","type-post","status-publish","format-standard","has-post-thumbnail","hentry","category-noticias","tag-camara-legislativa","tag-cldf","tag-coronavirus","tag-covid-19"],"_links":{"self":[{"href":"https:\/\/blogs.correiobraziliense.com.br\/cbpoder\/wp-json\/wp\/v2\/posts\/19192","targetHints":{"allow":["GET"]}}],"collection":[{"href":"https:\/\/blogs.correiobraziliense.com.br\/cbpoder\/wp-json\/wp\/v2\/posts"}],"about":[{"href":"https:\/\/blogs.correiobraziliense.com.br\/cbpoder\/wp-json\/wp\/v2\/types\/post"}],"author":[{"embeddable":true,"href":"https:\/\/blogs.correiobraziliense.com.br\/cbpoder\/wp-json\/wp\/v2\/users\/118"}],"replies":[{"embeddable":true,"href":"https:\/\/blogs.correiobraziliense.com.br\/cbpoder\/wp-json\/wp\/v2\/comments?post=19192"}],"version-history":[{"count":1,"href":"https:\/\/blogs.correiobraziliense.com.br\/cbpoder\/wp-json\/wp\/v2\/posts\/19192\/revisions"}],"predecessor-version":[{"id":19193,"href":"https:\/\/blogs.correiobraziliense.com.br\/cbpoder\/wp-json\/wp\/v2\/posts\/19192\/revisions\/19193"}],"wp:featuredmedia":[{"embeddable":true,"href":"https:\/\/blogs.correiobraziliense.com.br\/cbpoder\/wp-json\/wp\/v2\/media\/14991"}],"wp:attachment":[{"href":"https:\/\/blogs.correiobraziliense.com.br\/cbpoder\/wp-json\/wp\/v2\/media?parent=19192"}],"wp:term":[{"taxonomy":"category","embeddable":true,"href":"https:\/\/blogs.correiobraziliense.com.br\/cbpoder\/wp-json\/wp\/v2\/categories?post=19192"},{"taxonomy":"post_tag","embeddable":true,"href":"https:\/\/blogs.correiobraziliense.com.br\/cbpoder\/wp-json\/wp\/v2\/tags?post=19192"}],"curies":[{"name":"wp","href":"https:\/\/api.w.org\/{rel}","templated":true}]}}