{"id":19189,"date":"2020-07-28T14:42:53","date_gmt":"2020-07-28T17:42:53","guid":{"rendered":"https:\/\/blogs.correiobraziliense.com.br\/cbpoder\/?p=19189"},"modified":"2020-07-28T14:42:53","modified_gmt":"2020-07-28T17:42:53","slug":"cldf-tem-cinco-dias-para-se-manifestar-sobre-acao-contra-nova-previdencia-do-df","status":"publish","type":"post","link":"https:\/\/blogs.correiobraziliense.com.br\/cbpoder\/cldf-tem-cinco-dias-para-se-manifestar-sobre-acao-contra-nova-previdencia-do-df\/","title":{"rendered":"CLDF tem cinco dias para se manifestar sobre a\u00e7\u00e3o contra nova previd\u00eancia do DF"},"content":{"rendered":"<p>O Tribunal de Justi\u00e7a do Distrito Federal e dos Territ\u00f3rios (TJDFT) deu cinco dias para que a C\u00e2mara Legislativa (CLDF) se manifeste, caso queira, sobre o pedido de suspens\u00e3o cautelar da nova previd\u00eancia dos servidores locais, <a href=\"https:\/\/www.correiobraziliense.com.br\/app\/noticia\/cidades\/2020\/06\/30\/interna_cidadesdf,868271\/camara-legislativa-aprova-reforma-da-previdencia-servidores-distritais.shtml\">aprovada pela C\u00e2mara Legislativa<\/a> e sancionada pelo Executivo local.<\/p>\n<p>Com as mudan\u00e7as, a al\u00edquota dos servidores passou de 11% para 14%. A proposta aprovada na CLDF previa que a altera\u00e7\u00e3o come\u00e7asse a valer em janeiro de 2021, mas o trecho foi vetado por Ibaneis e as novas regras v\u00e3o vigorar a partir de novembro.<\/p>\n<p><a href=\"https:\/\/www.correiobraziliense.com.br\/app\/noticia\/cidades\/2020\/07\/20\/interna_cidadesdf,873736\/partidos-da-oposicao-entram-com-liminar-contra-reforma-da-previdencia.shtml\">O pedido de suspens\u00e3o foi feito em A\u00e7\u00e3o Direta de Inconstitucionalidade (Adin) apresentada pelos partidos\u00a0PSol, PT e Rede<\/a>. As siglas argumentam a medida foi aprovada sem estudos de impacto financeiro que apontem o quanto passar\u00e1 a ser efetivamente arrecadado, al\u00e9m de alegar que o qu\u00f3rum de aprova\u00e7\u00e3o deveria ter sido por maioria qualificada de dois ter\u00e7os do total da CLDF (16 votos), de acordo com o art. 131 da Lei Org\u00e2nica, diferentemente do que a Mesa Diretora exigiu, \u00e0 \u00e9poca, por maioria absoluta (13 votos).<\/p>\n<p>O desembargador Roberto Freitas Filho ao dar o prazo para manifesta\u00e7\u00e3o da CLDF tamb\u00e9m determinou que, ap\u00f3s isso, a Procuradoria-Geral do Distrito Federal e ao Procurador-Geral de Justi\u00e7a do Distrito Federal se manifestem em tr\u00eas dias .<\/p>\n<p>&nbsp;<\/p>\n","protected":false},"excerpt":{"rendered":"<p>O Tribunal de Justi\u00e7a do Distrito Federal e dos Territ\u00f3rios (TJDFT) deu cinco dias para que a C\u00e2mara Legislativa (CLDF) se manifeste, caso queira, sobre o pedido de suspens\u00e3o cautelar da nova previd\u00eancia dos servidores locais, aprovada pela C\u00e2mara Legislativa e sancionada pelo Executivo local. Com as mudan\u00e7as, a al\u00edquota dos servidores passou de 11% para 14%. A proposta aprovada [&hellip;]<\/p>\n","protected":false},"author":75,"featured_media":18592,"comment_status":"open","ping_status":"closed","sticky":false,"template":"","format":"standard","meta":{"footnotes":""},"categories":[6],"tags":[70,400,868,413],"class_list":["post-19189","post","type-post","status-publish","format-standard","has-post-thumbnail","hentry","category-noticias","tag-camara-legislativa","tag-cldf","tag-previdencia","tag-tjdft"],"_links":{"self":[{"href":"https:\/\/blogs.correiobraziliense.com.br\/cbpoder\/wp-json\/wp\/v2\/posts\/19189","targetHints":{"allow":["GET"]}}],"collection":[{"href":"https:\/\/blogs.correiobraziliense.com.br\/cbpoder\/wp-json\/wp\/v2\/posts"}],"about":[{"href":"https:\/\/blogs.correiobraziliense.com.br\/cbpoder\/wp-json\/wp\/v2\/types\/post"}],"author":[{"embeddable":true,"href":"https:\/\/blogs.correiobraziliense.com.br\/cbpoder\/wp-json\/wp\/v2\/users\/75"}],"replies":[{"embeddable":true,"href":"https:\/\/blogs.correiobraziliense.com.br\/cbpoder\/wp-json\/wp\/v2\/comments?post=19189"}],"version-history":[{"count":1,"href":"https:\/\/blogs.correiobraziliense.com.br\/cbpoder\/wp-json\/wp\/v2\/posts\/19189\/revisions"}],"predecessor-version":[{"id":19190,"href":"https:\/\/blogs.correiobraziliense.com.br\/cbpoder\/wp-json\/wp\/v2\/posts\/19189\/revisions\/19190"}],"wp:featuredmedia":[{"embeddable":true,"href":"https:\/\/blogs.correiobraziliense.com.br\/cbpoder\/wp-json\/wp\/v2\/media\/18592"}],"wp:attachment":[{"href":"https:\/\/blogs.correiobraziliense.com.br\/cbpoder\/wp-json\/wp\/v2\/media?parent=19189"}],"wp:term":[{"taxonomy":"category","embeddable":true,"href":"https:\/\/blogs.correiobraziliense.com.br\/cbpoder\/wp-json\/wp\/v2\/categories?post=19189"},{"taxonomy":"post_tag","embeddable":true,"href":"https:\/\/blogs.correiobraziliense.com.br\/cbpoder\/wp-json\/wp\/v2\/tags?post=19189"}],"curies":[{"name":"wp","href":"https:\/\/api.w.org\/{rel}","templated":true}]}}