{"id":18765,"date":"2020-06-05T11:48:53","date_gmt":"2020-06-05T14:48:53","guid":{"rendered":"http:\/\/blogs.correiobraziliense.com.br\/cbpoder\/?p=18765"},"modified":"2020-06-05T11:48:53","modified_gmt":"2020-06-05T14:48:53","slug":"camara-legislativa-capacitara-jovens-para-o-mercado-de-trabalho","status":"publish","type":"post","link":"https:\/\/blogs.correiobraziliense.com.br\/cbpoder\/camara-legislativa-capacitara-jovens-para-o-mercado-de-trabalho\/","title":{"rendered":"C\u00e2mara Legislativa capacitar\u00e1 jovens para o mercado de trabalho"},"content":{"rendered":"<p>Em meio \u00e0 crise causada pela pandemia do novo coronav\u00edrus e a um cen\u00e1rio preocupante na economia, a C\u00e2mara Legislativa lan\u00e7ou o programa <em>Formando o futuro<\/em> para qualificar jovens e prepar\u00e1-los para o mercado de trabalho por meio de cursos gratuitos de capacita\u00e7\u00e3o que ser\u00e3o disponibilizados no portal da Casa. A previs\u00e3o \u00e9 de que as inscri\u00e7\u00f5es sejam abertas na primeira semana de julho.<\/p>\n<p>A ideia \u00e9 oferecer, sobretudo a jovens de regi\u00f5es mais carentes e sem emprego, a possibilidade de se capacitar em \u00e1reas como economia criativa e empreendedorismo. Conte\u00fados como intelig\u00eancia artificial, programa\u00e7\u00e3o, desenvolvimento e rob\u00f3tica est\u00e3o entre os que ser\u00e3o ofertados.<\/p>\n<p>\u201cO programa Formando o futuro nasceu justamente com a ideia de que principalmente os jovens, que s\u00e3o mais afetados pelo desemprego, precisam ter acesso a cursos de inicia\u00e7\u00e3o profissional \u00e0 dist\u00e2ncia\u201d, contou o vice-presidente da C\u00e2mara Legislativa, Rodrigo Delmasso (Republicanos).<\/p>\n<p>A oferta de conte\u00fado voltado para novas tecnologias, explica o distrital, \u00e9 uma forma de preparar os jovens para as mudan\u00e7as trazidas pelo cen\u00e1rio atual em que a tecnologia se tornou cada vez mais presente.<\/p>\n<p>\u201c\u00c9 uma preocupa\u00e7\u00e3o formar nossa juventude para as \u2018novas profiss\u00f5es\u2019 e ajud\u00e1-los a se preparar para o novo normal, que vir\u00e1 depois da pandemia. O mercado tamb\u00e9m vai se adaptar e vai precisar de pessoas capacitadas para isso\u201d, justifica.<\/p>\n<h4>Gratuitos<\/h4>\n<p>Para tirar a ideia do papel, ser\u00e1 assinado um termo de coopera\u00e7\u00e3o com a Funda\u00e7\u00e3o de Apoio \u00e0 Pesquisa (FAP), que disponibilizar\u00e1 os cursos para que sejam inseridos na plataforma do Laborat\u00f3rio Hacker de Inova\u00e7\u00e3o (Labhinova) e pela Escola do Legislativo (Elegis) da C\u00e2mara Legislativa.<\/p>\n<p>\u201cS\u00e3o cursos j\u00e1 desenvolvidos pela FAP e que ser\u00e3o ofertados na nossa plataforma. Por isso, ser\u00e3o gratuitos e n\u00e3o haver\u00e1 custo adicional para a C\u00e2mara, pois ser\u00e1 usada a estrutura que j\u00e1 temos\u201d, acrescenta Delmasso.<\/p>\n<p>A iniciativa foi idealizada pela vice-presid\u00eancia e pela Terceira Secretaria da Casa, que \u00e9 chefiada pela distrital Jaqueline Silva (PTB), e contou com o apoio de toda a Mesa Diretora.<\/p>\n","protected":false},"excerpt":{"rendered":"<p>Em meio \u00e0 crise causada pela pandemia do novo coronav\u00edrus e a um cen\u00e1rio preocupante na economia, a C\u00e2mara Legislativa lan\u00e7ou o programa Formando o futuro para qualificar jovens e prepar\u00e1-los para o mercado de trabalho por meio de cursos gratuitos de capacita\u00e7\u00e3o que ser\u00e3o disponibilizados no portal da Casa. A previs\u00e3o \u00e9 de que as inscri\u00e7\u00f5es sejam abertas na [&hellip;]<\/p>\n","protected":false},"author":75,"featured_media":18592,"comment_status":"open","ping_status":"closed","sticky":false,"template":"","format":"standard","meta":{"footnotes":""},"categories":[6],"tags":[70,2389,2390,1285,1945],"class_list":["post-18765","post","type-post","status-publish","format-standard","has-post-thumbnail","hentry","category-noticias","tag-camara-legislativa","tag-capacitacao","tag-cursos","tag-jovens","tag-trabalho"],"_links":{"self":[{"href":"https:\/\/blogs.correiobraziliense.com.br\/cbpoder\/wp-json\/wp\/v2\/posts\/18765","targetHints":{"allow":["GET"]}}],"collection":[{"href":"https:\/\/blogs.correiobraziliense.com.br\/cbpoder\/wp-json\/wp\/v2\/posts"}],"about":[{"href":"https:\/\/blogs.correiobraziliense.com.br\/cbpoder\/wp-json\/wp\/v2\/types\/post"}],"author":[{"embeddable":true,"href":"https:\/\/blogs.correiobraziliense.com.br\/cbpoder\/wp-json\/wp\/v2\/users\/75"}],"replies":[{"embeddable":true,"href":"https:\/\/blogs.correiobraziliense.com.br\/cbpoder\/wp-json\/wp\/v2\/comments?post=18765"}],"version-history":[{"count":0,"href":"https:\/\/blogs.correiobraziliense.com.br\/cbpoder\/wp-json\/wp\/v2\/posts\/18765\/revisions"}],"wp:featuredmedia":[{"embeddable":true,"href":"https:\/\/blogs.correiobraziliense.com.br\/cbpoder\/wp-json\/wp\/v2\/media\/18592"}],"wp:attachment":[{"href":"https:\/\/blogs.correiobraziliense.com.br\/cbpoder\/wp-json\/wp\/v2\/media?parent=18765"}],"wp:term":[{"taxonomy":"category","embeddable":true,"href":"https:\/\/blogs.correiobraziliense.com.br\/cbpoder\/wp-json\/wp\/v2\/categories?post=18765"},{"taxonomy":"post_tag","embeddable":true,"href":"https:\/\/blogs.correiobraziliense.com.br\/cbpoder\/wp-json\/wp\/v2\/tags?post=18765"}],"curies":[{"name":"wp","href":"https:\/\/api.w.org\/{rel}","templated":true}]}}