{"id":18608,"date":"2020-05-22T11:01:50","date_gmt":"2020-05-22T14:01:50","guid":{"rendered":"http:\/\/blogs.correiobraziliense.com.br\/cbpoder\/?p=18608"},"modified":"2020-05-22T11:01:50","modified_gmt":"2020-05-22T14:01:50","slug":"psb-pede-explicacoes-a-filiados-que-votaram-a-favor-de-plano-de-saude-para-ex-distritais","status":"publish","type":"post","link":"https:\/\/blogs.correiobraziliense.com.br\/cbpoder\/psb-pede-explicacoes-a-filiados-que-votaram-a-favor-de-plano-de-saude-para-ex-distritais\/","title":{"rendered":"PSB pede explica\u00e7\u00f5es a filiados que votaram a favor de plano de sa\u00fade para ex-distritais"},"content":{"rendered":"<h4>ANA MARIA CAMPOS<\/h4>\n<p>A executiva regional do PSB divulgou hoje (22\/05) posicionamento contr\u00e1rio \u00e0 aprova\u00e7\u00e3o da inclus\u00e3o de ex-deputados e seus familiares no plano de sa\u00fade da Fascal, entidade ligada \u00e0 C\u00e2mara Legislativa.<\/p>\n<p>&nbsp;<\/p>\n<p>O comando do partido pediu explica\u00e7\u00f5es aos deputados do PSB, Roosevelt Vilella e Jos\u00e9 Gomes, sobre os motivos que os levaram a votar a favor do projeto de resolu\u00e7\u00e3o em quest\u00e3o.<\/p>\n<p>&nbsp;<\/p>\n<p>Em nota, o partido do ex-governador Rodrigo Rollemberg afirma: \u201cAcreditamos que diante dos cen\u00e1rios em que vivemos, de uma imensa crise no sistema de sa\u00fade e da gravidade da pandemia da covid-19, um projeto como esse \u00e9 completamente antag\u00f4nico aos interesses da maior parte da popula\u00e7\u00e3o do Distrito Federal\u201d.<\/p>\n","protected":false},"excerpt":{"rendered":"<p>ANA MARIA CAMPOS A executiva regional do PSB divulgou hoje (22\/05) posicionamento contr\u00e1rio \u00e0 aprova\u00e7\u00e3o da inclus\u00e3o de ex-deputados e seus familiares no plano de sa\u00fade da Fascal, entidade ligada \u00e0 C\u00e2mara Legislativa. &nbsp; O comando do partido pediu explica\u00e7\u00f5es aos deputados do PSB, Roosevelt Vilella e Jos\u00e9 Gomes, sobre os motivos que os levaram a votar a favor do [&hellip;]<\/p>\n","protected":false},"author":9,"featured_media":17042,"comment_status":"open","ping_status":"closed","sticky":false,"template":"","format":"standard","meta":{"footnotes":""},"categories":[234],"tags":[70,2359,860,52],"class_list":["post-18608","post","type-post","status-publish","format-standard","has-post-thumbnail","hentry","category-cb-poder","tag-camara-legislativa","tag-explicacoes","tag-plano-de-saude","tag-psb"],"_links":{"self":[{"href":"https:\/\/blogs.correiobraziliense.com.br\/cbpoder\/wp-json\/wp\/v2\/posts\/18608","targetHints":{"allow":["GET"]}}],"collection":[{"href":"https:\/\/blogs.correiobraziliense.com.br\/cbpoder\/wp-json\/wp\/v2\/posts"}],"about":[{"href":"https:\/\/blogs.correiobraziliense.com.br\/cbpoder\/wp-json\/wp\/v2\/types\/post"}],"author":[{"embeddable":true,"href":"https:\/\/blogs.correiobraziliense.com.br\/cbpoder\/wp-json\/wp\/v2\/users\/9"}],"replies":[{"embeddable":true,"href":"https:\/\/blogs.correiobraziliense.com.br\/cbpoder\/wp-json\/wp\/v2\/comments?post=18608"}],"version-history":[{"count":0,"href":"https:\/\/blogs.correiobraziliense.com.br\/cbpoder\/wp-json\/wp\/v2\/posts\/18608\/revisions"}],"wp:featuredmedia":[{"embeddable":true,"href":"https:\/\/blogs.correiobraziliense.com.br\/cbpoder\/wp-json\/wp\/v2\/media\/17042"}],"wp:attachment":[{"href":"https:\/\/blogs.correiobraziliense.com.br\/cbpoder\/wp-json\/wp\/v2\/media?parent=18608"}],"wp:term":[{"taxonomy":"category","embeddable":true,"href":"https:\/\/blogs.correiobraziliense.com.br\/cbpoder\/wp-json\/wp\/v2\/categories?post=18608"},{"taxonomy":"post_tag","embeddable":true,"href":"https:\/\/blogs.correiobraziliense.com.br\/cbpoder\/wp-json\/wp\/v2\/tags?post=18608"}],"curies":[{"name":"wp","href":"https:\/\/api.w.org\/{rel}","templated":true}]}}