{"id":18423,"date":"2020-05-05T10:45:49","date_gmt":"2020-05-05T13:45:49","guid":{"rendered":"https:\/\/blogs.correiobraziliense.com.br\/cbpoder\/?p=18423"},"modified":"2020-05-05T10:45:49","modified_gmt":"2020-05-05T13:45:49","slug":"coronavirus-df-cai-para-10o-lugar-em-ranking-de-isolamento-social","status":"publish","type":"post","link":"https:\/\/blogs.correiobraziliense.com.br\/cbpoder\/coronavirus-df-cai-para-10o-lugar-em-ranking-de-isolamento-social\/","title":{"rendered":"Coronav\u00edrus: DF cai para 10\u00ba lugar em ranking de isolamento social"},"content":{"rendered":"<p>O Distrito Federal ficou em 10\u00aa lugar no ranking mede o \u00edndice de isolamento social nas unidades da federa\u00e7\u00e3o. No domingo (3\/5), 57,3% dos brasilienses ficaram em casa. A capital ocupava, na <a href=\"https:\/\/www.correiobraziliense.com.br\/app\/noticia\/cidades\/2020\/05\/03\/interna_cidadesdf,850903\/taxa-de-isolamento-social-sobe-para-56-9-no-distrito-federal.shtml\">medi\u00e7\u00e3o anterior<\/a> (de 1\u00ba de maio), a terceira posi\u00e7\u00e3o.<\/p>\n<p>O <a href=\"https:\/\/public.tableau.com\/views\/MKTScoredeisolamentosocial\/VisoGeral?:embed=y&amp;:display_count=n&amp;:origin=viz_share_link\">ranking<\/a> \u00e9 produzida pela empresa de tecnologia InLoco e usa dados de geolocaliza\u00e7\u00e3o para medir o percentual de pessoas que permanecem em casa durante a pandemia do novo coronav\u00edrus.<\/p>\n<p>No domingo, o Rio de Janeiro ficou em primeiro lugar \u2014 com 61,18% \u2014, seguido por Amap\u00e1 (60,65%) e Par\u00e1 (60,46%).<\/p>\n<p>O Distrito Federal tem 1.793 casos confirmados de coronav\u00edrus e 33 mortes pela doen\u00e7a.<\/p>\n<p>A Organiza\u00e7\u00e3o Mundial da Sa\u00fade (OMS) recomenda taxa de isolamento social de 70% como a ideal para combater a Covid-19.<\/p>\n<p>&nbsp;<\/p>\n","protected":false},"excerpt":{"rendered":"<p>O Distrito Federal ficou em 10\u00aa lugar no ranking mede o \u00edndice de isolamento social nas unidades da federa\u00e7\u00e3o. No domingo (3\/5), 57,3% dos brasilienses ficaram em casa. A capital ocupava, na medi\u00e7\u00e3o anterior (de 1\u00ba de maio), a terceira posi\u00e7\u00e3o. O ranking \u00e9 produzida pela empresa de tecnologia InLoco e usa dados de geolocaliza\u00e7\u00e3o para medir o percentual de [&hellip;]<\/p>\n","protected":false},"author":75,"featured_media":18424,"comment_status":"open","ping_status":"closed","sticky":false,"template":"","format":"standard","meta":{"footnotes":""},"categories":[6],"tags":[2085,2260,2326],"class_list":["post-18423","post","type-post","status-publish","format-standard","has-post-thumbnail","hentry","category-noticias","tag-coronavirus","tag-isolamento","tag-ranking"],"_links":{"self":[{"href":"https:\/\/blogs.correiobraziliense.com.br\/cbpoder\/wp-json\/wp\/v2\/posts\/18423","targetHints":{"allow":["GET"]}}],"collection":[{"href":"https:\/\/blogs.correiobraziliense.com.br\/cbpoder\/wp-json\/wp\/v2\/posts"}],"about":[{"href":"https:\/\/blogs.correiobraziliense.com.br\/cbpoder\/wp-json\/wp\/v2\/types\/post"}],"author":[{"embeddable":true,"href":"https:\/\/blogs.correiobraziliense.com.br\/cbpoder\/wp-json\/wp\/v2\/users\/75"}],"replies":[{"embeddable":true,"href":"https:\/\/blogs.correiobraziliense.com.br\/cbpoder\/wp-json\/wp\/v2\/comments?post=18423"}],"version-history":[{"count":3,"href":"https:\/\/blogs.correiobraziliense.com.br\/cbpoder\/wp-json\/wp\/v2\/posts\/18423\/revisions"}],"predecessor-version":[{"id":18427,"href":"https:\/\/blogs.correiobraziliense.com.br\/cbpoder\/wp-json\/wp\/v2\/posts\/18423\/revisions\/18427"}],"wp:featuredmedia":[{"embeddable":true,"href":"https:\/\/blogs.correiobraziliense.com.br\/cbpoder\/wp-json\/wp\/v2\/media\/18424"}],"wp:attachment":[{"href":"https:\/\/blogs.correiobraziliense.com.br\/cbpoder\/wp-json\/wp\/v2\/media?parent=18423"}],"wp:term":[{"taxonomy":"category","embeddable":true,"href":"https:\/\/blogs.correiobraziliense.com.br\/cbpoder\/wp-json\/wp\/v2\/categories?post=18423"},{"taxonomy":"post_tag","embeddable":true,"href":"https:\/\/blogs.correiobraziliense.com.br\/cbpoder\/wp-json\/wp\/v2\/tags?post=18423"}],"curies":[{"name":"wp","href":"https:\/\/api.w.org\/{rel}","templated":true}]}}