{"id":18337,"date":"2020-04-24T10:09:33","date_gmt":"2020-04-24T13:09:33","guid":{"rendered":"https:\/\/blogs.correiobraziliense.com.br\/cbpoder\/?p=18337"},"modified":"2020-04-24T10:09:33","modified_gmt":"2020-04-24T13:09:33","slug":"servidores-publicos-que-atuarem-na-pandemia-terao-de-passar-por-testes-de-coronavirus-a-cada-15-dias","status":"publish","type":"post","link":"https:\/\/blogs.correiobraziliense.com.br\/cbpoder\/servidores-publicos-que-atuarem-na-pandemia-terao-de-passar-por-testes-de-coronavirus-a-cada-15-dias\/","title":{"rendered":"Servidores p\u00fablicos que atuarem na pandemia ter\u00e3o de passar por testes de coronav\u00edrus a cada 15 dias"},"content":{"rendered":"<h4>ANA MARIA CAMPOS<\/h4>\n<p>Entrou hoje (24\/04) em vigor lei, sancionada pelo governador Ibaneis Rocha (MDB), que determina a realiza\u00e7\u00e3o de testes a cada 15 dias para verificar a poss\u00edvel contamina\u00e7\u00e3o de servidores p\u00fablicos, policiais e bombeiros militares, policiais civis e agentes de fiscaliza\u00e7\u00e3o que atuem no controle de doen\u00e7as infecciosas.<\/p>\n<p>&nbsp;<\/p>\n<p>A regra vale para situa\u00e7\u00f5es de isolamento social, emerg\u00eancia ou calamidade p\u00fablica, como \u00e9 o caso da pandemia do novo coronav\u00edrus. A Secretaria de Sa\u00fade do DF deve definir os detalhes em portaria de regulamenta\u00e7\u00e3o.<\/p>\n<p>&nbsp;<\/p>\n<p>A lei, de autoria do deputado Fernando Fernandes (Pros), acrescenta dispositivo no artigo 97 da Lei 5321\/2014, que instituiu o C\u00f3digo de Sa\u00fade do DF.<\/p>\n<p>&nbsp;<\/p>\n<p>Veja a lei:<\/p>\n<p>&nbsp;<\/p>\n<p><a href=\"https:\/\/blogs.correiobraziliense.com.br\/cbpoder\/wp-content\/uploads\/sites\/5\/2020\/04\/B742A553-85F6-4470-B9F0-7E53199575E9.jpeg\"><img loading=\"lazy\" decoding=\"async\" class=\"alignnone size-large wp-image-18339\" src=\"https:\/\/blogs.correiobraziliense.com.br\/cbpoder\/wp-content\/uploads\/sites\/5\/2020\/04\/B742A553-85F6-4470-B9F0-7E53199575E9-1024x721.jpeg\" alt=\"\" width=\"1024\" height=\"721\" srcset=\"https:\/\/blogs.correiobraziliense.com.br\/cbpoder\/wp-content\/uploads\/sites\/5\/2020\/04\/B742A553-85F6-4470-B9F0-7E53199575E9-1024x721.jpeg 1024w, https:\/\/blogs.correiobraziliense.com.br\/cbpoder\/wp-content\/uploads\/sites\/5\/2020\/04\/B742A553-85F6-4470-B9F0-7E53199575E9-300x211.jpeg 300w, https:\/\/blogs.correiobraziliense.com.br\/cbpoder\/wp-content\/uploads\/sites\/5\/2020\/04\/B742A553-85F6-4470-B9F0-7E53199575E9-768x541.jpeg 768w, https:\/\/blogs.correiobraziliense.com.br\/cbpoder\/wp-content\/uploads\/sites\/5\/2020\/04\/B742A553-85F6-4470-B9F0-7E53199575E9-350x247.jpeg 350w, https:\/\/blogs.correiobraziliense.com.br\/cbpoder\/wp-content\/uploads\/sites\/5\/2020\/04\/B742A553-85F6-4470-B9F0-7E53199575E9-550x387.jpeg 550w, https:\/\/blogs.correiobraziliense.com.br\/cbpoder\/wp-content\/uploads\/sites\/5\/2020\/04\/B742A553-85F6-4470-B9F0-7E53199575E9-230x162.jpeg 230w, https:\/\/blogs.correiobraziliense.com.br\/cbpoder\/wp-content\/uploads\/sites\/5\/2020\/04\/B742A553-85F6-4470-B9F0-7E53199575E9.jpeg 1242w\" sizes=\"auto, (max-width: 1024px) 100vw, 1024px\" \/><\/a><\/p>\n","protected":false},"excerpt":{"rendered":"<p>ANA MARIA CAMPOS Entrou hoje (24\/04) em vigor lei, sancionada pelo governador Ibaneis Rocha (MDB), que determina a realiza\u00e7\u00e3o de testes a cada 15 dias para verificar a poss\u00edvel contamina\u00e7\u00e3o de servidores p\u00fablicos, policiais e bombeiros militares, policiais civis e agentes de fiscaliza\u00e7\u00e3o que atuem no controle de doen\u00e7as infecciosas. &nbsp; A regra vale para situa\u00e7\u00f5es de isolamento social, emerg\u00eancia [&hellip;]<\/p>\n","protected":false},"author":9,"featured_media":18130,"comment_status":"open","ping_status":"closed","sticky":false,"template":"","format":"standard","meta":{"footnotes":""},"categories":[234],"tags":[2085,2311,917,103,2282],"class_list":["post-18337","post","type-post","status-publish","format-standard","has-post-thumbnail","hentry","category-cb-poder","tag-coronavirus","tag-fernando-fernandes","tag-ibaneis-rocha","tag-lei","tag-testes"],"_links":{"self":[{"href":"https:\/\/blogs.correiobraziliense.com.br\/cbpoder\/wp-json\/wp\/v2\/posts\/18337","targetHints":{"allow":["GET"]}}],"collection":[{"href":"https:\/\/blogs.correiobraziliense.com.br\/cbpoder\/wp-json\/wp\/v2\/posts"}],"about":[{"href":"https:\/\/blogs.correiobraziliense.com.br\/cbpoder\/wp-json\/wp\/v2\/types\/post"}],"author":[{"embeddable":true,"href":"https:\/\/blogs.correiobraziliense.com.br\/cbpoder\/wp-json\/wp\/v2\/users\/9"}],"replies":[{"embeddable":true,"href":"https:\/\/blogs.correiobraziliense.com.br\/cbpoder\/wp-json\/wp\/v2\/comments?post=18337"}],"version-history":[{"count":1,"href":"https:\/\/blogs.correiobraziliense.com.br\/cbpoder\/wp-json\/wp\/v2\/posts\/18337\/revisions"}],"predecessor-version":[{"id":18340,"href":"https:\/\/blogs.correiobraziliense.com.br\/cbpoder\/wp-json\/wp\/v2\/posts\/18337\/revisions\/18340"}],"wp:featuredmedia":[{"embeddable":true,"href":"https:\/\/blogs.correiobraziliense.com.br\/cbpoder\/wp-json\/wp\/v2\/media\/18130"}],"wp:attachment":[{"href":"https:\/\/blogs.correiobraziliense.com.br\/cbpoder\/wp-json\/wp\/v2\/media?parent=18337"}],"wp:term":[{"taxonomy":"category","embeddable":true,"href":"https:\/\/blogs.correiobraziliense.com.br\/cbpoder\/wp-json\/wp\/v2\/categories?post=18337"},{"taxonomy":"post_tag","embeddable":true,"href":"https:\/\/blogs.correiobraziliense.com.br\/cbpoder\/wp-json\/wp\/v2\/tags?post=18337"}],"curies":[{"name":"wp","href":"https:\/\/api.w.org\/{rel}","templated":true}]}}