{"id":18320,"date":"2020-04-23T17:04:19","date_gmt":"2020-04-23T20:04:19","guid":{"rendered":"https:\/\/blogs.correiobraziliense.com.br\/cbpoder\/?p=18320"},"modified":"2020-04-23T17:36:03","modified_gmt":"2020-04-23T20:36:03","slug":"decreto-obriga-uso-de-mascaras-no-df-a-partir-de-30-de-abril","status":"publish","type":"post","link":"https:\/\/blogs.correiobraziliense.com.br\/cbpoder\/decreto-obriga-uso-de-mascaras-no-df-a-partir-de-30-de-abril\/","title":{"rendered":"Decreto obriga uso de m\u00e1scaras no DF a partir de 30 de abril"},"content":{"rendered":"<p>Decreto assinado pelo governador Ibaneis Rocha (MDB), nesta quinta-feira (23\/4), determina a obrigatoriedade do uso de m\u00e1scaras de prote\u00e7\u00e3o facial no Distrito Federal a partir de 30 abril.<\/p>\n<p>De acordo com o texto, a utiliza\u00e7\u00e3o ser\u00e1 cobrada em todos os espa\u00e7os p\u00fablicos, nas vias p\u00fablicas, no transporte coletivo e nos estabelecimentos comerciais, industriais e de servi\u00e7o da capital federal.<\/p>\n<p>Quem n\u00e3o cumprir a determina\u00e7\u00e3o estar\u00e1 sujeito a multas e advert\u00eancias e poder\u00e1 ser punido pelo crime de infra\u00e7\u00e3o de medida sanit\u00e1ria preventiva \u2014 a pena varia de um m\u00eas a um ano, segundo o C\u00f3digo Penal.<\/p>\n<p>O decreto estabelece que os estabelecimentos dever\u00e3o impedir a entrada e a perman\u00eancia de pessoa que n\u00e3o estiverem usando m\u00e1scaras de prote\u00e7\u00e3o.<\/p>\n<p>O GDF recomenda o uso de m\u00e1scaras caseiras, como orienta o <a href=\"http:\/\/www.saude.df.gov.br\/\">Minist\u00e9rio da Sa\u00fade<\/a>. A obrigatoriedade perdurar\u00e1 enquanto vigorar o estado de emerg\u00eancia na capital federal.<\/p>\n<p>A medida \u00e9 uma das a\u00e7\u00f5es do GDF para viabilizar a abertura de algumas atividades comerciais a partir de <a href=\"https:\/\/blogs.correiobraziliense.com.br\/cbpoder\/ibaneis-planeja-reabrir-comercio-em-3-de-maio\/\">3 de maio<\/a>, como pretende o governador Ibaneis Rocha.<\/p>\n","protected":false},"excerpt":{"rendered":"<p>Decreto assinado pelo governador Ibaneis Rocha (MDB), nesta quinta-feira (23\/4), determina a obrigatoriedade do uso de m\u00e1scaras de prote\u00e7\u00e3o facial no Distrito Federal a partir de 30 abril. De acordo com o texto, a utiliza\u00e7\u00e3o ser\u00e1 cobrada em todos os espa\u00e7os p\u00fablicos, nas vias p\u00fablicas, no transporte coletivo e nos estabelecimentos comerciais, industriais e de servi\u00e7o da capital federal. Quem [&hellip;]<\/p>\n","protected":false},"author":75,"featured_media":18305,"comment_status":"open","ping_status":"closed","sticky":false,"template":"","format":"standard","meta":{"footnotes":""},"categories":[6],"tags":[432,16,2163],"class_list":["post-18320","post","type-post","status-publish","format-standard","has-post-thumbnail","hentry","category-noticias","tag-decreto","tag-gdf","tag-mascaras"],"_links":{"self":[{"href":"https:\/\/blogs.correiobraziliense.com.br\/cbpoder\/wp-json\/wp\/v2\/posts\/18320","targetHints":{"allow":["GET"]}}],"collection":[{"href":"https:\/\/blogs.correiobraziliense.com.br\/cbpoder\/wp-json\/wp\/v2\/posts"}],"about":[{"href":"https:\/\/blogs.correiobraziliense.com.br\/cbpoder\/wp-json\/wp\/v2\/types\/post"}],"author":[{"embeddable":true,"href":"https:\/\/blogs.correiobraziliense.com.br\/cbpoder\/wp-json\/wp\/v2\/users\/75"}],"replies":[{"embeddable":true,"href":"https:\/\/blogs.correiobraziliense.com.br\/cbpoder\/wp-json\/wp\/v2\/comments?post=18320"}],"version-history":[{"count":3,"href":"https:\/\/blogs.correiobraziliense.com.br\/cbpoder\/wp-json\/wp\/v2\/posts\/18320\/revisions"}],"predecessor-version":[{"id":18324,"href":"https:\/\/blogs.correiobraziliense.com.br\/cbpoder\/wp-json\/wp\/v2\/posts\/18320\/revisions\/18324"}],"wp:featuredmedia":[{"embeddable":true,"href":"https:\/\/blogs.correiobraziliense.com.br\/cbpoder\/wp-json\/wp\/v2\/media\/18305"}],"wp:attachment":[{"href":"https:\/\/blogs.correiobraziliense.com.br\/cbpoder\/wp-json\/wp\/v2\/media?parent=18320"}],"wp:term":[{"taxonomy":"category","embeddable":true,"href":"https:\/\/blogs.correiobraziliense.com.br\/cbpoder\/wp-json\/wp\/v2\/categories?post=18320"},{"taxonomy":"post_tag","embeddable":true,"href":"https:\/\/blogs.correiobraziliense.com.br\/cbpoder\/wp-json\/wp\/v2\/tags?post=18320"}],"curies":[{"name":"wp","href":"https:\/\/api.w.org\/{rel}","templated":true}]}}