{"id":18315,"date":"2020-04-23T11:28:29","date_gmt":"2020-04-23T14:28:29","guid":{"rendered":"https:\/\/blogs.correiobraziliense.com.br\/cbpoder\/?p=18315"},"modified":"2020-04-23T12:30:29","modified_gmt":"2020-04-23T15:30:29","slug":"justica-aceita-recomendacoes-da-cldf-sobre-medidas-protetivas-durante-o-isolamento","status":"publish","type":"post","link":"https:\/\/blogs.correiobraziliense.com.br\/cbpoder\/justica-aceita-recomendacoes-da-cldf-sobre-medidas-protetivas-durante-o-isolamento\/","title":{"rendered":"Justi\u00e7a aceita recomenda\u00e7\u00f5es da CLDF sobre medidas protetivas durante o isolamento"},"content":{"rendered":"<p>A Corregedoria de Justi\u00e7a e a Presid\u00eancia do Tribunal de Justi\u00e7a do Distrito Federal e dos Territ\u00f3rios (TJDFT) aceitaram recomenda\u00e7\u00f5es da Comiss\u00e3o de Direitos Humanos (CDH) da C\u00e2mara Legislativa para refor\u00e7ar a prote\u00e7\u00e3o de mulheres em situa\u00e7\u00e3o de viol\u00eancia durante o distanciamento social por causa da pandemia do novo coronav\u00edrus.<\/p>\n<p>A CDH pediu a renova\u00e7\u00e3o do prazo de medidas protetivas e a facilita\u00e7\u00e3o para a concess\u00e3o de novas medidas, mesmo se n\u00e3o houver ocorr\u00eancia policial contra o agressor.<\/p>\n<p>\u201cO isolamento social torna as mulheres mais vulner\u00e1veis \u00e0 viol\u00eancia dom\u00e9stica. A conviv\u00eancia ininterrupta com o agressor torna a den\u00fancia muito dif\u00edcil, por isso precisamos garantir que os instrumentos de prote\u00e7\u00e3o da vida e da dignidade dessas mulheres sejam de fato efetivos\u201d, justificou o presidente da CDH, F\u00e1bio Felix (PSol).<\/p>\n<p>\u201cA decis\u00e3o do TJDFT \u00e9 muito acertada, pois se adapta a essa nova realidade, que exige flexibiliza\u00e7\u00e3o e menos burocracia\u201d, acrescenta o distrital.<\/p>\n<p>A partir das solicita\u00e7\u00f5es da comiss\u00e3o, o TJDFT expediu recomenda\u00e7\u00f5es para a an\u00e1lise de novas medidas durante o per\u00edodo de distanciamento social. A orienta\u00e7\u00e3o \u00e9 que os novos par\u00e2metros fiquem em validade enquanto, pelo novo contexto, for necess\u00e1rio para garantir seguran\u00e7a das mulheres em risco.<\/p>\n","protected":false},"excerpt":{"rendered":"<p>A Corregedoria de Justi\u00e7a e a Presid\u00eancia do Tribunal de Justi\u00e7a do Distrito Federal e dos Territ\u00f3rios (TJDFT) aceitaram recomenda\u00e7\u00f5es da Comiss\u00e3o de Direitos Humanos (CDH) da C\u00e2mara Legislativa para refor\u00e7ar a prote\u00e7\u00e3o de mulheres em situa\u00e7\u00e3o de viol\u00eancia durante o distanciamento social por causa da pandemia do novo coronav\u00edrus. A CDH pediu a renova\u00e7\u00e3o do prazo de medidas protetivas [&hellip;]<\/p>\n","protected":false},"author":75,"featured_media":18316,"comment_status":"open","ping_status":"closed","sticky":false,"template":"","format":"standard","meta":{"footnotes":""},"categories":[6],"tags":[70,56],"class_list":["post-18315","post","type-post","status-publish","format-standard","has-post-thumbnail","hentry","category-noticias","tag-camara-legislativa","tag-justica"],"_links":{"self":[{"href":"https:\/\/blogs.correiobraziliense.com.br\/cbpoder\/wp-json\/wp\/v2\/posts\/18315","targetHints":{"allow":["GET"]}}],"collection":[{"href":"https:\/\/blogs.correiobraziliense.com.br\/cbpoder\/wp-json\/wp\/v2\/posts"}],"about":[{"href":"https:\/\/blogs.correiobraziliense.com.br\/cbpoder\/wp-json\/wp\/v2\/types\/post"}],"author":[{"embeddable":true,"href":"https:\/\/blogs.correiobraziliense.com.br\/cbpoder\/wp-json\/wp\/v2\/users\/75"}],"replies":[{"embeddable":true,"href":"https:\/\/blogs.correiobraziliense.com.br\/cbpoder\/wp-json\/wp\/v2\/comments?post=18315"}],"version-history":[{"count":3,"href":"https:\/\/blogs.correiobraziliense.com.br\/cbpoder\/wp-json\/wp\/v2\/posts\/18315\/revisions"}],"predecessor-version":[{"id":18319,"href":"https:\/\/blogs.correiobraziliense.com.br\/cbpoder\/wp-json\/wp\/v2\/posts\/18315\/revisions\/18319"}],"wp:featuredmedia":[{"embeddable":true,"href":"https:\/\/blogs.correiobraziliense.com.br\/cbpoder\/wp-json\/wp\/v2\/media\/18316"}],"wp:attachment":[{"href":"https:\/\/blogs.correiobraziliense.com.br\/cbpoder\/wp-json\/wp\/v2\/media?parent=18315"}],"wp:term":[{"taxonomy":"category","embeddable":true,"href":"https:\/\/blogs.correiobraziliense.com.br\/cbpoder\/wp-json\/wp\/v2\/categories?post=18315"},{"taxonomy":"post_tag","embeddable":true,"href":"https:\/\/blogs.correiobraziliense.com.br\/cbpoder\/wp-json\/wp\/v2\/tags?post=18315"}],"curies":[{"name":"wp","href":"https:\/\/api.w.org\/{rel}","templated":true}]}}