{"id":18257,"date":"2020-04-15T16:09:25","date_gmt":"2020-04-15T19:09:25","guid":{"rendered":"https:\/\/blogs.correiobraziliense.com.br\/cbpoder\/?p=18257"},"modified":"2020-04-15T16:34:15","modified_gmt":"2020-04-15T19:34:15","slug":"coronavirus-distritais-aprovam-apoio-de-r-408-para-familias-carentes","status":"publish","type":"post","link":"https:\/\/blogs.correiobraziliense.com.br\/cbpoder\/coronavirus-distritais-aprovam-apoio-de-r-408-para-familias-carentes\/","title":{"rendered":"Coronav\u00edrus: Distritais aprovam apoio de R$ 408 para fam\u00edlias carentes"},"content":{"rendered":"<p>A C\u00e2mara Legislativa deu aval, nesta quarta-feira (15\/4), ao projeto de lei do Executivo local que cria programa de renda m\u00ednima voltado para as fam\u00edlias de baixa renda do Distrito Federal atingidas pelo impacto da crise causada pela Covid-19. O texto tinha sido aprovado em <a href=\"https:\/\/blogs.correiobraziliense.com.br\/cbpoder\/coronavirus-distritais-aprovam-programa-renda-minima-em-1-turno\/\">primeiro turno<\/a> na sess\u00e3o de ter\u00e7a-feira (14\/4).<\/p>\n<p>Com a san\u00e7\u00e3o do texto, o Executivo ficar\u00e1 autorizado a fazer transfer\u00eancia direta para fam\u00edlias moradoras do Distrito Federal de baixa renda \u2014 com at\u00e9 meio sal\u00e1rio per capita.<\/p>\n<p>O valor definido pelo GDF \u00e9 de R$ 408. A inten\u00e7\u00e3o inicial \u00e9 de que o benef\u00edcio seja concedido durante dois meses, mas o programa pode ser prorrogado por mais um m\u00eas, a partir da avalia\u00e7\u00e3o do cen\u00e1rio da crise.<\/p>\n<p>No projeto, o governo local estima que a medida impacte 28 mil fam\u00edlias n\u00e3o inclu\u00eddas nos programas de transfer\u00eancia de renda no \u00e2mbito do Bolsa-Fam\u00edlia, DF sem Mis\u00e9ria, Bolsa Alfa, Benef\u00edcio de Presta\u00e7\u00e3o Continuada.<\/p>\n<p>Houve acordo para que uma emenda aditiva da deputada Arlete Sampaio (PT) fosse inserida no projeto. A proposta da parlamentar visa permitir que, em alguns casos, as fam\u00edlias possam acumular o recebimento de dois benef\u00edcios, levando-se em conta o baixo valor de alguns deles.<\/p>\n<p>\u201cCom essa emenda, corrigimos algumas imperfei\u00e7\u00f5es. Ela complementa para esse valor de R$ 408 todos os que t\u00eam benef\u00edcios que recebem menos do que isso e tamb\u00e9m corrige qual \u00e9 a via de acesso a esse apoio, para usar o tamb\u00e9m o Cadastro \u00danico al\u00e9m da lista da Secretaria de Desenvolvimento Social (Sedes)\u201d, argumentou a deputada.<\/p>\n<p>A medida poder\u00e1 ser vetada pelo governador Ibaneis Rocha (MDB), caso os c\u00e1lculos da Secretaria de Economia considerem que a altera\u00e7\u00e3o \u00e9 invi\u00e1vel.<\/p>\n<p>Os valores ser\u00e3o fornecidos pelo BRB, respons\u00e1vel pela opera\u00e7\u00e3o, em cart\u00e3o pr\u00e9-pago ou em dinheiro. O programa ser\u00e1 coordenado pela Secretaria de Desenvolvimento Social (Sedes).<\/p>\n<p><strong>D\u00edvida ativa<\/strong><\/p>\n<p>Os distritais tamb\u00e9m aprovaram em segundo turno um projeto de autoria do deputado Eduardo Pedrosa (PTC) que veda a inscri\u00e7\u00e3o de cr\u00e9ditos na d\u00edvida ativa e o ajuizamento de execu\u00e7\u00f5es fiscais para cobran\u00e7a de t\u00edtulos j\u00e1 inscritos. A medida tamb\u00e9m pro\u00edbe o registro de protesto extrajudicial de t\u00edtulos e outros documentos de d\u00edvida e o cancelamento de parcelamentos administrativos de d\u00e9bitos tribut\u00e1rios e n\u00e3o tribut\u00e1rios por falta de pagamento.<\/p>\n","protected":false},"excerpt":{"rendered":"<p>A C\u00e2mara Legislativa deu aval, nesta quarta-feira (15\/4), ao projeto de lei do Executivo local que cria programa de renda m\u00ednima voltado para as fam\u00edlias de baixa renda do Distrito Federal atingidas pelo impacto da crise causada pela Covid-19. O texto tinha sido aprovado em primeiro turno na sess\u00e3o de ter\u00e7a-feira (14\/4). Com a san\u00e7\u00e3o do texto, o Executivo ficar\u00e1 [&hellip;]<\/p>\n","protected":false},"author":75,"featured_media":14991,"comment_status":"open","ping_status":"closed","sticky":false,"template":"","format":"standard","meta":{"footnotes":""},"categories":[6],"tags":[70,2085,28,2292],"class_list":["post-18257","post","type-post","status-publish","format-standard","has-post-thumbnail","hentry","category-noticias","tag-camara-legislativa","tag-coronavirus","tag-distritais","tag-familias"],"_links":{"self":[{"href":"https:\/\/blogs.correiobraziliense.com.br\/cbpoder\/wp-json\/wp\/v2\/posts\/18257","targetHints":{"allow":["GET"]}}],"collection":[{"href":"https:\/\/blogs.correiobraziliense.com.br\/cbpoder\/wp-json\/wp\/v2\/posts"}],"about":[{"href":"https:\/\/blogs.correiobraziliense.com.br\/cbpoder\/wp-json\/wp\/v2\/types\/post"}],"author":[{"embeddable":true,"href":"https:\/\/blogs.correiobraziliense.com.br\/cbpoder\/wp-json\/wp\/v2\/users\/75"}],"replies":[{"embeddable":true,"href":"https:\/\/blogs.correiobraziliense.com.br\/cbpoder\/wp-json\/wp\/v2\/comments?post=18257"}],"version-history":[{"count":4,"href":"https:\/\/blogs.correiobraziliense.com.br\/cbpoder\/wp-json\/wp\/v2\/posts\/18257\/revisions"}],"predecessor-version":[{"id":18261,"href":"https:\/\/blogs.correiobraziliense.com.br\/cbpoder\/wp-json\/wp\/v2\/posts\/18257\/revisions\/18261"}],"wp:featuredmedia":[{"embeddable":true,"href":"https:\/\/blogs.correiobraziliense.com.br\/cbpoder\/wp-json\/wp\/v2\/media\/14991"}],"wp:attachment":[{"href":"https:\/\/blogs.correiobraziliense.com.br\/cbpoder\/wp-json\/wp\/v2\/media?parent=18257"}],"wp:term":[{"taxonomy":"category","embeddable":true,"href":"https:\/\/blogs.correiobraziliense.com.br\/cbpoder\/wp-json\/wp\/v2\/categories?post=18257"},{"taxonomy":"post_tag","embeddable":true,"href":"https:\/\/blogs.correiobraziliense.com.br\/cbpoder\/wp-json\/wp\/v2\/tags?post=18257"}],"curies":[{"name":"wp","href":"https:\/\/api.w.org\/{rel}","templated":true}]}}