{"id":18239,"date":"2020-04-14T17:27:17","date_gmt":"2020-04-14T20:27:17","guid":{"rendered":"https:\/\/blogs.correiobraziliense.com.br\/cbpoder\/?p=18239"},"modified":"2020-04-14T17:27:17","modified_gmt":"2020-04-14T20:27:17","slug":"mp-de-contas-do-df-pede-esclarecimentos-sobre-nomeacao-de-primeira-dama-na-secretaria-de-desenvolvimento-social","status":"publish","type":"post","link":"https:\/\/blogs.correiobraziliense.com.br\/cbpoder\/mp-de-contas-do-df-pede-esclarecimentos-sobre-nomeacao-de-primeira-dama-na-secretaria-de-desenvolvimento-social\/","title":{"rendered":"MP de Contas do DF pede esclarecimentos sobre nomea\u00e7\u00e3o de primeira-dama na Secretaria de Desenvolvimento Social"},"content":{"rendered":"<h4>ANA MARIA CAMPOS<\/h4>\n<p>O procurador-geral do Minist\u00e9rio P\u00fablico de Contas do DF, Marcos Felipe Pinheiro Lima, protocolou uma representa\u00e7\u00e3o com pedido de que o governador Ibaneis Rocha (MDB) apresente esclarecimentos a respeito da nomea\u00e7\u00e3o da primeira-dama, Mayara Noronha de Albuquerque Rocha, como secret\u00e1ria de Desenvolvimento Social do DF.<\/p>\n<p>&nbsp;<\/p>\n<p>Para o procurador-geral, o Tribunal de Contas do DF deve avaliar a legalidade da nomea\u00e7\u00e3o por considerar que h\u00e1 ind\u00edcios de viola\u00e7\u00e3o dos princ\u00edpios constitucionais da impessoalidade e da moralidade devido \u00e0 rela\u00e7\u00e3o pr\u00f3xima entre Ibaneis e Mayara. \u201c\u00c9\u00a0poss\u00edvel perceber a influ\u00eancia familiar na destina\u00e7\u00e3o do referido cargo p\u00fablico, indicando o favorecimento de pessoa que det\u00e9m rela\u00e7\u00e3o direta com a autoridade nomeante, o que pode denotar, inclusive, conflito entre o interesse p\u00fablico e o privado\u201d, afirmou Marcos Felipe.<\/p>\n<p>&nbsp;<\/p>\n<p>Na representa\u00e7\u00e3o, o procurador-geral ressalta que a jurisprud\u00eancia em vigor n\u00e3o considera nepotismo a nomea\u00e7\u00e3o de parentes em cargos de natureza pol\u00edtica, como \u00e9 o caso de secretarias de Estado, desde que\u00a0e n\u00e3o se configurem hip\u00f3teses de fraude \u00e0 lei ou com aus\u00eancia evidente de qualifica\u00e7\u00e3o t\u00e9cnica ou de idoneidade moral para o desempenho da fun\u00e7\u00e3o p\u00fablica.<\/p>\n<p>&nbsp;<\/p>\n<p>O processo ser\u00e1 distribu\u00eddo \u00e0 unidade t\u00e9cnica do Tribunal de Contas do DF e acompanhado por um conselheiro-relator.<\/p>\n<p>&nbsp;<\/p>\n<p>Ibaneis afirma que est\u00e1 bem seguro da legalidade da nomea\u00e7\u00e3o da mulher, Mayara Noronha, que \u00e9 advogada.<\/p>\n<p>&nbsp;<\/p>\n<p>Segundo o governador, h\u00e1 jurisprud\u00eancia no STF que respalda o caso e cita, como exemplo, um processo que teve a relatoria do ministro Alexandre de Moraes. Ele afasta a hip\u00f3tese de nepotismo para situa\u00e7\u00f5es de nomea\u00e7\u00e3o para cargos de natureza pol\u00edtica.<\/p>\n","protected":false},"excerpt":{"rendered":"<p>ANA MARIA CAMPOS O procurador-geral do Minist\u00e9rio P\u00fablico de Contas do DF, Marcos Felipe Pinheiro Lima, protocolou uma representa\u00e7\u00e3o com pedido de que o governador Ibaneis Rocha (MDB) apresente esclarecimentos a respeito da nomea\u00e7\u00e3o da primeira-dama, Mayara Noronha de Albuquerque Rocha, como secret\u00e1ria de Desenvolvimento Social do DF. &nbsp; Para o procurador-geral, o Tribunal de Contas do DF deve avaliar [&hellip;]<\/p>\n","protected":false},"author":9,"featured_media":16987,"comment_status":"open","ping_status":"closed","sticky":false,"template":"","format":"standard","meta":{"footnotes":""},"categories":[234],"tags":[917,2288,2011,799,2289],"class_list":["post-18239","post","type-post","status-publish","format-standard","has-post-thumbnail","hentry","category-cb-poder","tag-ibaneis-rocha","tag-marcos-felipe","tag-mayara-noronha","tag-ministerio-publico-de-contas","tag-tribunal-de-contas-do-df"],"_links":{"self":[{"href":"https:\/\/blogs.correiobraziliense.com.br\/cbpoder\/wp-json\/wp\/v2\/posts\/18239","targetHints":{"allow":["GET"]}}],"collection":[{"href":"https:\/\/blogs.correiobraziliense.com.br\/cbpoder\/wp-json\/wp\/v2\/posts"}],"about":[{"href":"https:\/\/blogs.correiobraziliense.com.br\/cbpoder\/wp-json\/wp\/v2\/types\/post"}],"author":[{"embeddable":true,"href":"https:\/\/blogs.correiobraziliense.com.br\/cbpoder\/wp-json\/wp\/v2\/users\/9"}],"replies":[{"embeddable":true,"href":"https:\/\/blogs.correiobraziliense.com.br\/cbpoder\/wp-json\/wp\/v2\/comments?post=18239"}],"version-history":[{"count":1,"href":"https:\/\/blogs.correiobraziliense.com.br\/cbpoder\/wp-json\/wp\/v2\/posts\/18239\/revisions"}],"predecessor-version":[{"id":18241,"href":"https:\/\/blogs.correiobraziliense.com.br\/cbpoder\/wp-json\/wp\/v2\/posts\/18239\/revisions\/18241"}],"wp:featuredmedia":[{"embeddable":true,"href":"https:\/\/blogs.correiobraziliense.com.br\/cbpoder\/wp-json\/wp\/v2\/media\/16987"}],"wp:attachment":[{"href":"https:\/\/blogs.correiobraziliense.com.br\/cbpoder\/wp-json\/wp\/v2\/media?parent=18239"}],"wp:term":[{"taxonomy":"category","embeddable":true,"href":"https:\/\/blogs.correiobraziliense.com.br\/cbpoder\/wp-json\/wp\/v2\/categories?post=18239"},{"taxonomy":"post_tag","embeddable":true,"href":"https:\/\/blogs.correiobraziliense.com.br\/cbpoder\/wp-json\/wp\/v2\/tags?post=18239"}],"curies":[{"name":"wp","href":"https:\/\/api.w.org\/{rel}","templated":true}]}}