{"id":18174,"date":"2020-04-05T19:21:15","date_gmt":"2020-04-05T22:21:15","guid":{"rendered":"https:\/\/blogs.correiobraziliense.com.br\/cbpoder\/?p=18174"},"modified":"2020-04-05T19:23:44","modified_gmt":"2020-04-05T22:23:44","slug":"eduardo-pedrosa-doara-50-do-salario-em-insumos-a-saude-e-a-pmdf","status":"publish","type":"post","link":"https:\/\/blogs.correiobraziliense.com.br\/cbpoder\/eduardo-pedrosa-doara-50-do-salario-em-insumos-a-saude-e-a-pmdf\/","title":{"rendered":"Eduardo Pedrosa doar\u00e1 50% do sal\u00e1rio em insumos \u00e0 Sa\u00fade e \u00e0 PMDF"},"content":{"rendered":"<h6>J\u00c9SSICA EUFR\u00c1SIO<\/h6>\n<p>O deputado distrital Eduardo Pedrosa (PTC) anunciou que usar\u00e1 50% do sal\u00e1rio para a compra de insumos que ser\u00e3o doados \u00e0 Sa\u00fade do Distrito Federal e \u00e0 Pol\u00edcia Militar. A primeira doa\u00e7\u00e3o ocorre nesta semana. O valor, segundo o parlamentar, chega a R$ 9,5 mil. Entre os itens adquiridos, h\u00e1 \u00e1lcool em gel, luvas e m\u00e1scaras.<\/p>\n<p>\u201cEm solidariedade aos trabalhadores que est\u00e3o com seus sal\u00e1rios reduzidos ou perderam o emprego, vou utilizar 50% do meu sal\u00e1rio para aquisi\u00e7\u00e3o de equipamentos de prote\u00e7\u00e3o e \u00e1lcool em gel para serem distribu\u00eddos aos policiais militares, agentes do Samu e servidores da sa\u00fade\u201d, escreveu o deputado nas redes sociais.<\/p>\n<p>Eduardo afirmou que, na Pol\u00edcia Militar, os produtos ser\u00e3o entregues a diferentes corpora\u00e7\u00f5es. \u201cPensei na PM, no Samu e na \u00e1rea da Sa\u00fade, nos hospitais p\u00fablicos. S\u00e3o pessoas que est\u00e3o na linha de frente. (A doa\u00e7\u00e3o) ser\u00e1 de uma forma que d\u00ea uma quantidade relevante para cada lugar. O intuito \u00e9 motivar outras pessoas a fazer o mesmo\u201d, disse ao <strong>Correio<\/strong>.<\/p>\n<p>O deputado n\u00e3o calculou o total de itens que ser\u00e3o oferecidos, porque ainda est\u00e3o em fase de compra. A Secretaria de Desenvolvimento Social tamb\u00e9m deve entrar na lista, pois, segundo Pedrosa, os servidores da pasta \u201ctamb\u00e9m est\u00e3o trabalhando e est\u00e3o expostos\u201d. \u201cAcho que todo mundo est\u00e1 tendo algum tipo de perda neste m\u00eas. Mas meu recado \u00e9 de que todo mundo pode ajudar um pouquinho a minimizar os impactos deste per\u00edodo\u201d, completou.<\/p>\n","protected":false},"excerpt":{"rendered":"<p>J\u00c9SSICA EUFR\u00c1SIO O deputado distrital Eduardo Pedrosa (PTC) anunciou que usar\u00e1 50% do sal\u00e1rio para a compra de insumos que ser\u00e3o doados \u00e0 Sa\u00fade do Distrito Federal e \u00e0 Pol\u00edcia Militar. A primeira doa\u00e7\u00e3o ocorre nesta semana. O valor, segundo o parlamentar, chega a R$ 9,5 mil. Entre os itens adquiridos, h\u00e1 \u00e1lcool em gel, luvas e m\u00e1scaras. \u201cEm solidariedade [&hellip;]<\/p>\n","protected":false},"author":118,"featured_media":18175,"comment_status":"open","ping_status":"closed","sticky":false,"template":"","format":"standard","meta":{"footnotes":""},"categories":[6],"tags":[400,2085,1413],"class_list":["post-18174","post","type-post","status-publish","format-standard","has-post-thumbnail","hentry","category-noticias","tag-cldf","tag-coronavirus","tag-eduardo-pedrosa"],"_links":{"self":[{"href":"https:\/\/blogs.correiobraziliense.com.br\/cbpoder\/wp-json\/wp\/v2\/posts\/18174","targetHints":{"allow":["GET"]}}],"collection":[{"href":"https:\/\/blogs.correiobraziliense.com.br\/cbpoder\/wp-json\/wp\/v2\/posts"}],"about":[{"href":"https:\/\/blogs.correiobraziliense.com.br\/cbpoder\/wp-json\/wp\/v2\/types\/post"}],"author":[{"embeddable":true,"href":"https:\/\/blogs.correiobraziliense.com.br\/cbpoder\/wp-json\/wp\/v2\/users\/118"}],"replies":[{"embeddable":true,"href":"https:\/\/blogs.correiobraziliense.com.br\/cbpoder\/wp-json\/wp\/v2\/comments?post=18174"}],"version-history":[{"count":2,"href":"https:\/\/blogs.correiobraziliense.com.br\/cbpoder\/wp-json\/wp\/v2\/posts\/18174\/revisions"}],"predecessor-version":[{"id":18177,"href":"https:\/\/blogs.correiobraziliense.com.br\/cbpoder\/wp-json\/wp\/v2\/posts\/18174\/revisions\/18177"}],"wp:featuredmedia":[{"embeddable":true,"href":"https:\/\/blogs.correiobraziliense.com.br\/cbpoder\/wp-json\/wp\/v2\/media\/18175"}],"wp:attachment":[{"href":"https:\/\/blogs.correiobraziliense.com.br\/cbpoder\/wp-json\/wp\/v2\/media?parent=18174"}],"wp:term":[{"taxonomy":"category","embeddable":true,"href":"https:\/\/blogs.correiobraziliense.com.br\/cbpoder\/wp-json\/wp\/v2\/categories?post=18174"},{"taxonomy":"post_tag","embeddable":true,"href":"https:\/\/blogs.correiobraziliense.com.br\/cbpoder\/wp-json\/wp\/v2\/tags?post=18174"}],"curies":[{"name":"wp","href":"https:\/\/api.w.org\/{rel}","templated":true}]}}