{"id":18125,"date":"2020-04-01T11:24:36","date_gmt":"2020-04-01T14:24:36","guid":{"rendered":"https:\/\/blogs.correiobraziliense.com.br\/cbpoder\/?p=18125"},"modified":"2020-04-01T11:25:44","modified_gmt":"2020-04-01T14:25:44","slug":"distrital-pede-reducao-mensalidades-de-escolas-e-faculdades-na-crise","status":"publish","type":"post","link":"https:\/\/blogs.correiobraziliense.com.br\/cbpoder\/distrital-pede-reducao-mensalidades-de-escolas-e-faculdades-na-crise\/","title":{"rendered":"Distrital prop\u00f5e redu\u00e7\u00e3o de mensalidades de escolas e faculdades na crise"},"content":{"rendered":"<p>O presidente da C\u00e2mara Legislativa, Rafael Prudente (MDB), protocolou projeto de lei que prop\u00f5e a redu\u00e7\u00e3o das mensalidades de institui\u00e7\u00f5es privadas de ensino fundamental e m\u00e9dio no Distrito Federal durante a suspens\u00e3o das aulas por causa do novo coronav\u00edrus.<\/p>\n<p>As unidades de ensino superior tamb\u00e9m dever\u00e3o aplicar a redu\u00e7\u00e3o para cursos que sejam oferecidos na modalidade presencial.<\/p>\n<p>O texto prev\u00ea que o desconto seja de no m\u00ednimo 30% durante o per\u00edodo que durar a crise provocada pela doen\u00e7a e o consequente fechamento das escolas para as atividades letivas.<\/p>\n<p>A iniciativa, segundo o parlamentar, \u00e9 uma forma de ajudar a equilibrar o sistema econ\u00f4mico durante a crise atual.<\/p>\n<p>\u201cConsiderando que as institui\u00e7\u00f5es de ensino est\u00e3o com as despesas reduzidas com itens como a manuten\u00e7\u00e3o do espa\u00e7o, \u00e1gua, energia e alimenta\u00e7\u00e3o de seus funcion\u00e1rios e alunos (que estudavam em per\u00edodo integral) por estarem suspensas as atividades presenciais, \u00e9 justo que os estudantes e\/ou seus respons\u00e1veis financeiros, que tamb\u00e9m tiveram seus rendimentos afetados, tenham a sua mensalidade reduzida\u201d, diz Prudente na justificativa do projeto.<\/p>\n<p>Caso a lei seja aprovada, as institui\u00e7\u00f5es que descumprirem a regra ser\u00e3o punidas com a aplica\u00e7\u00e3o de multas pelos \u00f3rg\u00e3os de defesa do consumidor.<\/p>\n<h4>Medidas ampliadas<\/h4>\n<p>Na ter\u00e7a-feira (31\/3), o Governo do Distrito Federal (GDF) anunciou que estender\u00e1 as medidas de conten\u00e7\u00e3o ao v\u00edrus, como a suspens\u00e3o das aulas, at\u00e9 13 de abril. O decreto ainda n\u00e3o foi publicado. O Executivo local tamb\u00e9m encaminhou \u00e0 C\u00e2mara Legislativa um projeto de lei para reconhecer estado de calamidade p\u00fablica no DF.<\/p>\n<p>Segundo a Secretaria de Sa\u00fade, a capital tem 354 casos confirmados de coronav\u00edrus. Foram registradas tr\u00eas mortes de pacientes com a doen\u00e7a.<\/p>\n","protected":false},"excerpt":{"rendered":"<p>O presidente da C\u00e2mara Legislativa, Rafael Prudente (MDB), protocolou projeto de lei que prop\u00f5e a redu\u00e7\u00e3o das mensalidades de institui\u00e7\u00f5es privadas de ensino fundamental e m\u00e9dio no Distrito Federal durante a suspens\u00e3o das aulas por causa do novo coronav\u00edrus. As unidades de ensino superior tamb\u00e9m dever\u00e3o aplicar a redu\u00e7\u00e3o para cursos que sejam oferecidos na modalidade presencial. O texto prev\u00ea [&hellip;]<\/p>\n","protected":false},"author":75,"featured_media":17112,"comment_status":"open","ping_status":"closed","sticky":false,"template":"","format":"standard","meta":{"footnotes":""},"categories":[6],"tags":[70,400,2085,364],"class_list":["post-18125","post","type-post","status-publish","format-standard","has-post-thumbnail","hentry","category-noticias","tag-camara-legislativa","tag-cldf","tag-coronavirus","tag-rafael-prudente"],"_links":{"self":[{"href":"https:\/\/blogs.correiobraziliense.com.br\/cbpoder\/wp-json\/wp\/v2\/posts\/18125","targetHints":{"allow":["GET"]}}],"collection":[{"href":"https:\/\/blogs.correiobraziliense.com.br\/cbpoder\/wp-json\/wp\/v2\/posts"}],"about":[{"href":"https:\/\/blogs.correiobraziliense.com.br\/cbpoder\/wp-json\/wp\/v2\/types\/post"}],"author":[{"embeddable":true,"href":"https:\/\/blogs.correiobraziliense.com.br\/cbpoder\/wp-json\/wp\/v2\/users\/75"}],"replies":[{"embeddable":true,"href":"https:\/\/blogs.correiobraziliense.com.br\/cbpoder\/wp-json\/wp\/v2\/comments?post=18125"}],"version-history":[{"count":2,"href":"https:\/\/blogs.correiobraziliense.com.br\/cbpoder\/wp-json\/wp\/v2\/posts\/18125\/revisions"}],"predecessor-version":[{"id":18127,"href":"https:\/\/blogs.correiobraziliense.com.br\/cbpoder\/wp-json\/wp\/v2\/posts\/18125\/revisions\/18127"}],"wp:featuredmedia":[{"embeddable":true,"href":"https:\/\/blogs.correiobraziliense.com.br\/cbpoder\/wp-json\/wp\/v2\/media\/17112"}],"wp:attachment":[{"href":"https:\/\/blogs.correiobraziliense.com.br\/cbpoder\/wp-json\/wp\/v2\/media?parent=18125"}],"wp:term":[{"taxonomy":"category","embeddable":true,"href":"https:\/\/blogs.correiobraziliense.com.br\/cbpoder\/wp-json\/wp\/v2\/categories?post=18125"},{"taxonomy":"post_tag","embeddable":true,"href":"https:\/\/blogs.correiobraziliense.com.br\/cbpoder\/wp-json\/wp\/v2\/tags?post=18125"}],"curies":[{"name":"wp","href":"https:\/\/api.w.org\/{rel}","templated":true}]}}