{"id":17626,"date":"2020-03-04T07:40:30","date_gmt":"2020-03-04T10:40:30","guid":{"rendered":"https:\/\/blogs.correiobraziliense.com.br\/cbpoder\/?p=17626"},"modified":"2020-03-04T07:40:30","modified_gmt":"2020-03-04T10:40:30","slug":"serie-historica-mostra-queda-de-homicidios-no-df-em-fevereiro-nao-houve-feminicidio","status":"publish","type":"post","link":"https:\/\/blogs.correiobraziliense.com.br\/cbpoder\/serie-historica-mostra-queda-de-homicidios-no-df-em-fevereiro-nao-houve-feminicidio\/","title":{"rendered":"S\u00e9rie hist\u00f3rica mostra queda de homic\u00eddios no DF em fevereiro; n\u00e3o houve feminic\u00eddio"},"content":{"rendered":"<h6><strong>Coluna Eixo Capital\/Por Ana Maria Campos<\/strong><\/h6>\n<p>O Distrito Federal registrou 44 homic\u00eddios em fevereiro. Significa 36,36% de aumento em rela\u00e7\u00e3o ao mesmo m\u00eas do ano passado. Ocorre que fevereiro de 2019 foi um per\u00edodo fora da curva, se comparado \u00e0 s\u00e9rie hist\u00f3rica em n\u00fameros de mortes. Houve 28 casos. Fora 2019, o m\u00eas passado teve o menor n\u00famero de assassinatos dos \u00faltimos 10 anos. Em fevereiro de 2010, 42 pessoas perderam a vida e 39 no mesmo m\u00eas de 2006. Desde 2000, o pior m\u00eas foi o do carnaval de 2013, quando houve 78 v\u00edtimas fatais. Em 2009, tamb\u00e9m foi assustador: 67 homic\u00eddios.<\/p>\n<h2>\n<strong>Antecedentes<\/strong><\/h2>\n<p>Levantamento da Secretaria de Seguran\u00e7a do DF indica que 77% dos autores e 69 % das v\u00edtimas de homic\u00eddios nos \u00faltimos 20 anos tinham antecedentes criminais. Ou seja, em tese, fazem parte de um grupo de risco, mais pr\u00f3ximo do mundo do crime.<\/p>\n<h2>\n<strong>Feminic\u00eddio: nenhum caso foi registrado no DF em fevereiro de 2020<\/strong><\/h2>\n<p>Depois de meses de hist\u00f3rias tristes, o Distrito Federal n\u00e3o registrou nenhum caso de feminic\u00eddio dentro da unidade da Federa\u00e7\u00e3o. Balan\u00e7o realizado pela Secretaria de Seguran\u00e7a P\u00fablica do DF (SSP\/DF) mostra que \u00e9 a quinta vez que um m\u00eas n\u00e3o registra nenhum crime dessa natureza desde mar\u00e7o de 2016. Na atual gest\u00e3o \u00e9 a segunda vez. O combate ao feminic\u00eddio \u00e9 uma das principais pautas da Secretaria de Seguran\u00e7a. Estudo realizado pela C\u00e2mara T\u00e9cnica de Monitoramento de Homic\u00eddio e Feminic\u00eddio (CTMHF), da SSP\/DF, aponta que, desde mar\u00e7o de 2015, quando entrou em vigor a \u201cLei do Feminic\u00eddio (n\u00ba 13.104), at\u00e9 o m\u00eas de fevereiro deste ano, 71,3% dos casos ocorreram dentro de resid\u00eancias. Os dados revelam ainda que 79,2% das v\u00edtimas n\u00e3o possu\u00edam medida protetiva.<\/p>\n<h2>\n<strong>Senado analisa notifica\u00e7\u00e3o compuls\u00f3ria de doen\u00e7as raras<\/strong><\/h2>\n<p>A Comiss\u00e3o de Assuntos Sociais (CAS) deve apreciar hoje projeto de lei que torna obrigat\u00f3ria a notifica\u00e7\u00e3o de doen\u00e7as raras ao Sistema \u00danico de Sa\u00fade. A proposta, de autoria da senadora Leila Barros (PSB-DF), tem como objetivo municiar as autoridades com informa\u00e7\u00f5es sobre essas doen\u00e7as que atingem cerca de 65 pessoas a cada 100 mil indiv\u00edduos. De acordo com a Organiza\u00e7\u00e3o Mundial de Sa\u00fade (OMS), existem de 6 a 8 mil tipos de doen\u00e7as raras. O \u00edndice de mortalidade \u00e9 alto, em algumas enfermidades 30% dos pacientes diagnosticados morrem antes dos cinco anos de idade. A insufici\u00eancia de dados sobre as doen\u00e7as raras prejudica a tomada de decis\u00e3o, por parte do poder p\u00fablico, sobre a oferta de medicamentos, por exemplo. A vota\u00e7\u00e3o tem car\u00e1ter terminativo. Se o projeto for aprovado, seguir\u00e1 para a C\u00e2mara.<\/p>\n<h2>\n<strong>MPDFT re\u00fane jornalistas<\/strong><\/h2>\n<p>O Minist\u00e9rio P\u00fablico do Distrito Federal e Territ\u00f3rios (MPDFT) promove amanh\u00e3 o encontro \u201cO papel da imprensa na preven\u00e7\u00e3o \u00e0 viol\u00eancia de g\u00eanero\u201d. O evento comemora o Dia Internacional da Mulher e tem como proposta impulsionar o debate entre profissionais da imprensa que est\u00e3o na cobertura do tema, estudantes de comunica\u00e7\u00e3o, integrantes do Minist\u00e9rio P\u00fablico e acad\u00eamicos da \u00e1rea. A ideia \u00e9 discutir as melhores formas de contribuir para a promo\u00e7\u00e3o da igualdade de g\u00eanero e o combate \u00e0 viol\u00eancia contra a mulher. A programa\u00e7\u00e3o inclui a palestra \u201cA responsabilidade da imprensa no enfrentamento e na preven\u00e7\u00e3o \u00e0 viol\u00eancia de g\u00eanero\u201d, ministrada pelas professoras da Universidade de Bras\u00edlia (UnB) Lourdes Maria Bandeira, do Departamento de Sociologia, e Ana Paula Antunes Martins, colaboradora do Programa de P\u00f3s-gradua\u00e7\u00e3o em Direitos Humanos e Cidadania.<\/p>\n<h2>\n<strong>Na oposi\u00e7\u00e3o<\/strong><\/h2>\n<p>O ex-governador Rodrigo Rollemberg (PSB) come\u00e7ou a criticar a\u00e7\u00f5es do governador Ibaneis Rocha (MDB) pelas redes sociais.<\/p>\n<h2>\n<strong>Destino a ser decidido em 12 de mar\u00e7o<\/strong><\/h2>\n<p>O futuro pol\u00edtico do ex-deputado Alberto Fraga (DEM-DF) ser\u00e1 definido em 12 de mar\u00e7o. A 2\u00aa Turma Criminal do Tribunal de Justi\u00e7a do Distrito Federal e Territ\u00f3rios (TJDFT) marcou para essa data o julgamento do recurso em que Fraga pede a absolvi\u00e7\u00e3o na den\u00fancia por concuss\u00e3o \u2014 exigir vantagem em fun\u00e7\u00e3o do cargo \u2014 supostamente praticada quando ele era secret\u00e1rio de Transportes. Se os desembargadores mantiverem a condena\u00e7\u00e3o, ele permanece ineleg\u00edvel e sem condi\u00e7\u00f5es de assumir um cargo no governo Bolsonaro. Se for absolvido, estar\u00e1 livre para retomar a atividade pol\u00edtica em cargos p\u00fablicos.<\/p>\n<h2>\n<strong>Perda para os progressistas<\/strong><\/h2>\n<p>Foi enterrado ontem o jornalista, escritor e advogado Sebasti\u00e3o de Barros Abreu. Aos 94 anos, ele era presidente de honra do PSB-DF, foi o primeiro presidente da Funda\u00e7\u00e3o Jo\u00e3o Mangabeira e administrador de S\u00e3o Sebasti\u00e3o. Tamb\u00e9m foi vereador em Goi\u00e2nia. Era muito respeitado por todos os progressistas. \u201cEstavam todos muito consternados. Era uma pessoa muito querida na nossa cidade\u201d, afirma o ex-governador Rodrigo Rollemberg (PSB).<\/p>\n<h2>\n<strong>Mulheres na pauta<\/strong><\/h2>\n<p>De olho em 8 de mar\u00e7o, os deputados distritais fizeram um acordo durante a reuni\u00e3o do col\u00e9gio de l\u00edderes, na segunda-feira, para priorizar a vota\u00e7\u00e3o de projetos de lei com foco nas mulheres. A previs\u00e3o \u00e9 de que os 24 parlamentares apresentem ao menos uma mat\u00e9ria com tema voltado \u00e0s mulheres. O ajuste na agenda fez com que outros assuntos, como a vota\u00e7\u00e3o do Projeto de Emenda \u00e0 Lei Org\u00e2nica n\u00ba 19\/2019, fosse adiado. A mat\u00e9ria, que trata da libera\u00e7\u00e3o para a ocupa\u00e7\u00e3o de cargos comissionados, deve passar por avalia\u00e7\u00e3o dos parlamentares s\u00f3 na semana que vem.<\/p>\n<h2>\n<strong>Emenda para Casa da Mulher<\/strong><\/h2>\n<p>Das quatro Casas da Mulher Brasileira que dever\u00e3o ser lan\u00e7adas no DF pela ministra da Mulher, Fam\u00edlia e Direitos Humanos, Damares Alves, duas ser\u00e3o custeadas por emendas do deputado J\u00falio C\u00e9sar Ribeiro (Progressistas-DF). As de S\u00e3o Sebasti\u00e3o e Sobradinho 2.<\/p>\n<h2>\n<strong>Siga o dinheiro<\/strong><\/h2>\n<p>R$ 4.070.938,84<\/p>\n<p>\u00c9 o valor previsto em licita\u00e7\u00e3o do GDF para compra de papel A4 para atender aos \u00f3rg\u00e3os do complexo administrativo do DF.<\/p>\n","protected":false},"excerpt":{"rendered":"<p>Coluna Eixo Capital\/Por Ana Maria Campos O Distrito Federal registrou 44 homic\u00eddios em fevereiro. Significa 36,36% de aumento em rela\u00e7\u00e3o ao mesmo m\u00eas do ano passado. Ocorre que fevereiro de 2019 foi um per\u00edodo fora da curva, se comparado \u00e0 s\u00e9rie hist\u00f3rica em n\u00fameros de mortes. Houve 28 casos. Fora 2019, o m\u00eas passado teve o menor n\u00famero de assassinatos [&hellip;]<\/p>\n","protected":false},"author":9,"featured_media":17627,"comment_status":"open","ping_status":"closed","sticky":false,"template":"","format":"standard","meta":{"footnotes":""},"categories":[234],"tags":[1810,1018,498,49,2104],"class_list":["post-17626","post","type-post","status-publish","format-standard","has-post-thumbnail","hentry","category-cb-poder","tag-feminicidio","tag-homicidio","tag-mpdft","tag-rollemberg","tag-ssp"],"_links":{"self":[{"href":"https:\/\/blogs.correiobraziliense.com.br\/cbpoder\/wp-json\/wp\/v2\/posts\/17626","targetHints":{"allow":["GET"]}}],"collection":[{"href":"https:\/\/blogs.correiobraziliense.com.br\/cbpoder\/wp-json\/wp\/v2\/posts"}],"about":[{"href":"https:\/\/blogs.correiobraziliense.com.br\/cbpoder\/wp-json\/wp\/v2\/types\/post"}],"author":[{"embeddable":true,"href":"https:\/\/blogs.correiobraziliense.com.br\/cbpoder\/wp-json\/wp\/v2\/users\/9"}],"replies":[{"embeddable":true,"href":"https:\/\/blogs.correiobraziliense.com.br\/cbpoder\/wp-json\/wp\/v2\/comments?post=17626"}],"version-history":[{"count":1,"href":"https:\/\/blogs.correiobraziliense.com.br\/cbpoder\/wp-json\/wp\/v2\/posts\/17626\/revisions"}],"predecessor-version":[{"id":17628,"href":"https:\/\/blogs.correiobraziliense.com.br\/cbpoder\/wp-json\/wp\/v2\/posts\/17626\/revisions\/17628"}],"wp:featuredmedia":[{"embeddable":true,"href":"https:\/\/blogs.correiobraziliense.com.br\/cbpoder\/wp-json\/wp\/v2\/media\/17627"}],"wp:attachment":[{"href":"https:\/\/blogs.correiobraziliense.com.br\/cbpoder\/wp-json\/wp\/v2\/media?parent=17626"}],"wp:term":[{"taxonomy":"category","embeddable":true,"href":"https:\/\/blogs.correiobraziliense.com.br\/cbpoder\/wp-json\/wp\/v2\/categories?post=17626"},{"taxonomy":"post_tag","embeddable":true,"href":"https:\/\/blogs.correiobraziliense.com.br\/cbpoder\/wp-json\/wp\/v2\/tags?post=17626"}],"curies":[{"name":"wp","href":"https:\/\/api.w.org\/{rel}","templated":true}]}}