{"id":17547,"date":"2020-02-19T12:47:47","date_gmt":"2020-02-19T15:47:47","guid":{"rendered":"https:\/\/blogs.correiobraziliense.com.br\/cbpoder\/?p=17547"},"modified":"2020-02-19T12:48:44","modified_gmt":"2020-02-19T15:48:44","slug":"detran-ibaneis-zelio-maia-da-rocha-para-o-lugar-de-alirio","status":"publish","type":"post","link":"https:\/\/blogs.correiobraziliense.com.br\/cbpoder\/detran-ibaneis-zelio-maia-da-rocha-para-o-lugar-de-alirio\/","title":{"rendered":"Detran: Ibaneis escolhe Z\u00e9lio Maia da Rocha para o lugar de Al\u00edrio Neto"},"content":{"rendered":"<p>O governador Ibaneis Rocha (MDB) anunciou, nesta quarta-feira (19\/2), o procurador do DF Z\u00e9lio Maia da Rocha para o cargo de diretor-geral do Departamento de Tr\u00e2nsito (Detran-DF). Ele assume a posi\u00e7\u00e3o no lugar do ex-deputado distrital <a href=\"https:\/\/blogs.correiobraziliense.com.br\/cbpoder\/alirio-neto-deixa-direcao-geral-do-detran-df\/\">Al\u00edrio Neto<\/a>, que deixou o cargo na semana passada.<\/p>\n<p>At\u00e9 ent\u00e3o, o Detran estava sob o comando do diretor-geral adjunto, Valmir Lemos de Oliveira. Em 2019, Al\u00edrio se ausentou por longo per\u00edodo do \u00f3rg\u00e3o por causa de problemas de sa\u00fade.<\/p>\n<p>Z\u00e9lio Maia ser\u00e1 o terceiro presidente do Detran durante a gest\u00e3o de Ibaneis. Em maio do ano passado, o ex-diretor-geral <a href=\"https:\/\/www.correiobraziliense.com.br\/app\/noticia\/cidades\/2018\/11\/14\/interna_cidadesdf,719558\/fabricio-moura-servidor-de-carreira-e-novo-diretor-\">Fabr\u00edcio<\/a> Moura <a href=\"https:\/\/blogs.correiobraziliense.com.br\/cbpoder\/diretor-geral-do-detran-fabricio-moura-sera-exonerado-do-cargo\/\">caiu<\/a> ap\u00f3s den\u00fancias de supostas irregularidades na contrata\u00e7\u00e3o de servi\u00e7os de manuten\u00e7\u00e3o de sem\u00e1foros.<\/p>\n<p>Procurador do DF desde 1999, Maia\u00a0chegou a ser candidato ao cargo de desembargador do Tribunal de Justi\u00e7a do DF para vaga da OAB em 2016. Ele esteve entre os mais votados pela classe, mas n\u00e3o entrou na lista tr\u00edplice eleita pelo TJDFT.<\/p>\n<p>Maia tamb\u00e9m foi secret\u00e1rio de Justi\u00e7a no governo de Rodrigo Rollemberg (PSB), por\u00e9m ficou pouco tempo no cargo. Na advocacia, tem experi\u00eancia em direito administrativo e civil e foi professor de direito constitucional.<\/p>\n","protected":false},"excerpt":{"rendered":"<p>O governador Ibaneis Rocha (MDB) anunciou, nesta quarta-feira (19\/2), o procurador do DF Z\u00e9lio Maia da Rocha para o cargo de diretor-geral do Departamento de Tr\u00e2nsito (Detran-DF). Ele assume a posi\u00e7\u00e3o no lugar do ex-deputado distrital Al\u00edrio Neto, que deixou o cargo na semana passada. At\u00e9 ent\u00e3o, o Detran estava sob o comando do diretor-geral adjunto, Valmir Lemos de Oliveira. [&hellip;]<\/p>\n","protected":false},"author":75,"featured_media":17548,"comment_status":"open","ping_status":"closed","sticky":false,"template":"","format":"standard","meta":{"footnotes":""},"categories":[6],"tags":[947,966,2117],"class_list":["post-17547","post","type-post","status-publish","format-standard","has-post-thumbnail","hentry","category-noticias","tag-alirio","tag-ibaneis","tag-zelio-maia-da-rocha"],"_links":{"self":[{"href":"https:\/\/blogs.correiobraziliense.com.br\/cbpoder\/wp-json\/wp\/v2\/posts\/17547","targetHints":{"allow":["GET"]}}],"collection":[{"href":"https:\/\/blogs.correiobraziliense.com.br\/cbpoder\/wp-json\/wp\/v2\/posts"}],"about":[{"href":"https:\/\/blogs.correiobraziliense.com.br\/cbpoder\/wp-json\/wp\/v2\/types\/post"}],"author":[{"embeddable":true,"href":"https:\/\/blogs.correiobraziliense.com.br\/cbpoder\/wp-json\/wp\/v2\/users\/75"}],"replies":[{"embeddable":true,"href":"https:\/\/blogs.correiobraziliense.com.br\/cbpoder\/wp-json\/wp\/v2\/comments?post=17547"}],"version-history":[{"count":3,"href":"https:\/\/blogs.correiobraziliense.com.br\/cbpoder\/wp-json\/wp\/v2\/posts\/17547\/revisions"}],"predecessor-version":[{"id":17551,"href":"https:\/\/blogs.correiobraziliense.com.br\/cbpoder\/wp-json\/wp\/v2\/posts\/17547\/revisions\/17551"}],"wp:featuredmedia":[{"embeddable":true,"href":"https:\/\/blogs.correiobraziliense.com.br\/cbpoder\/wp-json\/wp\/v2\/media\/17548"}],"wp:attachment":[{"href":"https:\/\/blogs.correiobraziliense.com.br\/cbpoder\/wp-json\/wp\/v2\/media?parent=17547"}],"wp:term":[{"taxonomy":"category","embeddable":true,"href":"https:\/\/blogs.correiobraziliense.com.br\/cbpoder\/wp-json\/wp\/v2\/categories?post=17547"},{"taxonomy":"post_tag","embeddable":true,"href":"https:\/\/blogs.correiobraziliense.com.br\/cbpoder\/wp-json\/wp\/v2\/tags?post=17547"}],"curies":[{"name":"wp","href":"https:\/\/api.w.org\/{rel}","templated":true}]}}