{"id":17506,"date":"2020-02-14T18:24:39","date_gmt":"2020-02-14T21:24:39","guid":{"rendered":"https:\/\/blogs.correiobraziliense.com.br\/cbpoder\/?p=17506"},"modified":"2020-02-14T18:24:39","modified_gmt":"2020-02-14T21:24:39","slug":"romeu-gonzaga-neiva-e-eleito-presidente-do-tjdft","status":"publish","type":"post","link":"https:\/\/blogs.correiobraziliense.com.br\/cbpoder\/romeu-gonzaga-neiva-e-eleito-presidente-do-tjdft\/","title":{"rendered":"Romeu Gonzaga Neiva \u00e9 eleito presidente do TJDFT"},"content":{"rendered":"<h4>AGATHA GONZAGA<\/h4>\n<p>Com 45 votos favor\u00e1veis, o Pleno Administrativo do Tribunal de Justi\u00e7a do Distrito Federal e Territ\u00f3rios (TJDFT) elegeu, nesta sexta-feira (14\/2), o desembargador Romeu Gonzaga Neiva como novo presidente da Corte. O mandato tem dura\u00e7\u00e3o de dois anos e corresponde ao bi\u00eanio 2020-2022. Apenas tr\u00eas magistrados foram contra a ascens\u00e3o do desembargador ao cargo.<\/p>\n<p>A Corte tamb\u00e9m elegeu Ana Maria Amarante como primeira vice-presidente e Sandra De Santis como segunda vice-presidente. Carmelita Brasil, atual presidente do Tribunal Regional Eleitoral do DF (TRE-DF), assumir\u00e1 o posto de corregedora. Eles tomam posse em 22 de abril.<\/p>\n<p>Romeu Gonzaga substituir\u00e1 o desembargador Rom\u00e3o C\u00edcero, atual titular do posto. O mineiro, bacharel em Direito pela Universidade Federal de Minas Gerais (UFMG), era o nome mais cotado devido ao tempo de atua\u00e7\u00e3o na casa.<\/p>\n<p>Ele \u00e9 desembargador do TJDFT desde 1998, quando assumiu uma vaga destinada ao Minist\u00e9rio P\u00fablico do DF e Territ\u00f3rios, \u00f3rg\u00e3o em que atuava desde de 1983. Romeu tamb\u00e9m foi presidente do TRE-DF.<\/p>\n<p><strong>Tribunal Regional Eleitoral<\/strong><\/p>\n<p>A nova diretoria tamb\u00e9m elegeu os nomes para os cargos para a dire\u00e7\u00e3o do Tribunal Regional Eleitoral (TRE-DF). O desembargador Humberto Ulh\u00f4a foi eleito presidente e Jos\u00e9 Jacinto Costa Carvalho ser\u00e1 o vice.<\/p>\n<p>&nbsp;<\/p>\n","protected":false},"excerpt":{"rendered":"<p>AGATHA GONZAGA Com 45 votos favor\u00e1veis, o Pleno Administrativo do Tribunal de Justi\u00e7a do Distrito Federal e Territ\u00f3rios (TJDFT) elegeu, nesta sexta-feira (14\/2), o desembargador Romeu Gonzaga Neiva como novo presidente da Corte. O mandato tem dura\u00e7\u00e3o de dois anos e corresponde ao bi\u00eanio 2020-2022. Apenas tr\u00eas magistrados foram contra a ascens\u00e3o do desembargador ao cargo. A Corte tamb\u00e9m elegeu [&hellip;]<\/p>\n","protected":false},"author":118,"featured_media":17507,"comment_status":"open","ping_status":"closed","sticky":false,"template":"","format":"standard","meta":{"footnotes":""},"categories":[6],"tags":[413],"class_list":["post-17506","post","type-post","status-publish","format-standard","has-post-thumbnail","hentry","category-noticias","tag-tjdft"],"_links":{"self":[{"href":"https:\/\/blogs.correiobraziliense.com.br\/cbpoder\/wp-json\/wp\/v2\/posts\/17506","targetHints":{"allow":["GET"]}}],"collection":[{"href":"https:\/\/blogs.correiobraziliense.com.br\/cbpoder\/wp-json\/wp\/v2\/posts"}],"about":[{"href":"https:\/\/blogs.correiobraziliense.com.br\/cbpoder\/wp-json\/wp\/v2\/types\/post"}],"author":[{"embeddable":true,"href":"https:\/\/blogs.correiobraziliense.com.br\/cbpoder\/wp-json\/wp\/v2\/users\/118"}],"replies":[{"embeddable":true,"href":"https:\/\/blogs.correiobraziliense.com.br\/cbpoder\/wp-json\/wp\/v2\/comments?post=17506"}],"version-history":[{"count":1,"href":"https:\/\/blogs.correiobraziliense.com.br\/cbpoder\/wp-json\/wp\/v2\/posts\/17506\/revisions"}],"predecessor-version":[{"id":17508,"href":"https:\/\/blogs.correiobraziliense.com.br\/cbpoder\/wp-json\/wp\/v2\/posts\/17506\/revisions\/17508"}],"wp:featuredmedia":[{"embeddable":true,"href":"https:\/\/blogs.correiobraziliense.com.br\/cbpoder\/wp-json\/wp\/v2\/media\/17507"}],"wp:attachment":[{"href":"https:\/\/blogs.correiobraziliense.com.br\/cbpoder\/wp-json\/wp\/v2\/media?parent=17506"}],"wp:term":[{"taxonomy":"category","embeddable":true,"href":"https:\/\/blogs.correiobraziliense.com.br\/cbpoder\/wp-json\/wp\/v2\/categories?post=17506"},{"taxonomy":"post_tag","embeddable":true,"href":"https:\/\/blogs.correiobraziliense.com.br\/cbpoder\/wp-json\/wp\/v2\/tags?post=17506"}],"curies":[{"name":"wp","href":"https:\/\/api.w.org\/{rel}","templated":true}]}}