{"id":17432,"date":"2020-02-05T19:59:38","date_gmt":"2020-02-05T22:59:38","guid":{"rendered":"https:\/\/blogs.correiobraziliense.com.br\/cbpoder\/?p=17432"},"modified":"2020-02-05T19:59:38","modified_gmt":"2020-02-05T22:59:38","slug":"nao-tenho-fabrica-de-dinheiro-diz-ibaneis-sobre-zerar-icms","status":"publish","type":"post","link":"https:\/\/blogs.correiobraziliense.com.br\/cbpoder\/nao-tenho-fabrica-de-dinheiro-diz-ibaneis-sobre-zerar-icms\/","title":{"rendered":"&#8220;N\u00e3o tenho f\u00e1brica de dinheiro&#8221;, diz Ibaneis sobre zerar ICMS"},"content":{"rendered":"<h5>AGATHA GONZAGA<\/h5>\n<p>O governador Ibaneis Rocha (MDB) afirmou, nesta quarta-feira (5\/2), que n\u00e3o \u00e9 poss\u00edvel atender o <a href=\"https:\/\/www.correiobraziliense.com.br\/app\/noticia\/economia\/2020\/02\/05\/internas_economia,825859\/bolsonaro-zera-imposto-em-combustiveis-se-governadores-zerarem-icms.shtml\">desafio lan\u00e7ado pelo presidente da Rep\u00fablica<\/a>, Jair Bolsonaro, de zerar o valor do Imposto sobre Circula\u00e7\u00e3o de Mercadorias e Servi\u00e7os (ICMS) dos combust\u00edveis. Segundo ele, os cofres locais n\u00e3o suportam abrir m\u00e3o dessa receita.<\/p>\n<p>O desafio proposto por Jair Bolsonaro, tamb\u00e9m nesta quarta-feira, seria para reduzir os pre\u00e7os dos combust\u00edveis. O presidente afirmou que zeraria os impostos federais sobre o produto se os estados deixassem de cobrar o ICMS. \u201cEu zero federal, se eles zerarem o ICMS. Est\u00e1 feito o desafio aqui agora. Eu zero o federal hoje, eles zeram o ICMS. Se topar, eu aceito&#8221;, disse a jornalistas.<\/p>\n<p>\u201cO problema \u00e9 que os governos, n\u00e3o s\u00f3 do Bolsonaro, mas dos ex-presidentes da Rep\u00fablica, j\u00e1 zeraram os cofres dos estados. Todos os estados da Federa\u00e7\u00e3o e o Distrito Federal est\u00e3o quebrados e ele tem consci\u00eancia disso\u201d, rebateu Ibaneis. \u201cEu preferia tratar esse assunto com quem entende de economia, que \u00e9 o ministro Paulo Guedes. N\u00e3o com o presidente Bolsonaro que n\u00e3o entende\u201d, completou.<\/p>\n<p>Segundo o chefe do Executivo local, o DF n\u00e3o tem dinheiro suficiente para uma medida assim. \u201cEu n\u00e3o tenho f\u00e1brica de dinheiro. Quem tem a m\u00e1quina de dinheiro \u00e9 ele. \u00c9 matem\u00e1tica, n\u00e3o tem o que ser feito. N\u00e3o adianta a gente querer fazer pol\u00edtica quando a situa\u00e7\u00e3o \u00e9 matem\u00e1tica\u201d, afirmou.<\/p>\n","protected":false},"excerpt":{"rendered":"<p>AGATHA GONZAGA O governador Ibaneis Rocha (MDB) afirmou, nesta quarta-feira (5\/2), que n\u00e3o \u00e9 poss\u00edvel atender o desafio lan\u00e7ado pelo presidente da Rep\u00fablica, Jair Bolsonaro, de zerar o valor do Imposto sobre Circula\u00e7\u00e3o de Mercadorias e Servi\u00e7os (ICMS) dos combust\u00edveis. Segundo ele, os cofres locais n\u00e3o suportam abrir m\u00e3o dessa receita. O desafio proposto por Jair Bolsonaro, tamb\u00e9m nesta quarta-feira, [&hellip;]<\/p>\n","protected":false},"author":118,"featured_media":16762,"comment_status":"open","ping_status":"closed","sticky":false,"template":"","format":"standard","meta":{"footnotes":""},"categories":[6],"tags":[],"class_list":["post-17432","post","type-post","status-publish","format-standard","has-post-thumbnail","hentry","category-noticias"],"_links":{"self":[{"href":"https:\/\/blogs.correiobraziliense.com.br\/cbpoder\/wp-json\/wp\/v2\/posts\/17432","targetHints":{"allow":["GET"]}}],"collection":[{"href":"https:\/\/blogs.correiobraziliense.com.br\/cbpoder\/wp-json\/wp\/v2\/posts"}],"about":[{"href":"https:\/\/blogs.correiobraziliense.com.br\/cbpoder\/wp-json\/wp\/v2\/types\/post"}],"author":[{"embeddable":true,"href":"https:\/\/blogs.correiobraziliense.com.br\/cbpoder\/wp-json\/wp\/v2\/users\/118"}],"replies":[{"embeddable":true,"href":"https:\/\/blogs.correiobraziliense.com.br\/cbpoder\/wp-json\/wp\/v2\/comments?post=17432"}],"version-history":[{"count":1,"href":"https:\/\/blogs.correiobraziliense.com.br\/cbpoder\/wp-json\/wp\/v2\/posts\/17432\/revisions"}],"predecessor-version":[{"id":17433,"href":"https:\/\/blogs.correiobraziliense.com.br\/cbpoder\/wp-json\/wp\/v2\/posts\/17432\/revisions\/17433"}],"wp:featuredmedia":[{"embeddable":true,"href":"https:\/\/blogs.correiobraziliense.com.br\/cbpoder\/wp-json\/wp\/v2\/media\/16762"}],"wp:attachment":[{"href":"https:\/\/blogs.correiobraziliense.com.br\/cbpoder\/wp-json\/wp\/v2\/media?parent=17432"}],"wp:term":[{"taxonomy":"category","embeddable":true,"href":"https:\/\/blogs.correiobraziliense.com.br\/cbpoder\/wp-json\/wp\/v2\/categories?post=17432"},{"taxonomy":"post_tag","embeddable":true,"href":"https:\/\/blogs.correiobraziliense.com.br\/cbpoder\/wp-json\/wp\/v2\/tags?post=17432"}],"curies":[{"name":"wp","href":"https:\/\/api.w.org\/{rel}","templated":true}]}}