{"id":17430,"date":"2020-02-05T18:36:44","date_gmt":"2020-02-05T21:36:44","guid":{"rendered":"https:\/\/blogs.correiobraziliense.com.br\/cbpoder\/?p=17430"},"modified":"2020-02-05T18:36:44","modified_gmt":"2020-02-05T21:36:44","slug":"camara-adia-votacao-de-decreto-que-pode-barrar-aumento-das-passagens","status":"publish","type":"post","link":"https:\/\/blogs.correiobraziliense.com.br\/cbpoder\/camara-adia-votacao-de-decreto-que-pode-barrar-aumento-das-passagens\/","title":{"rendered":"C\u00e2mara adia vota\u00e7\u00e3o de decreto que pode barrar aumento das passagens"},"content":{"rendered":"<p>A C\u00e2mara Legislativa decidiu deixar fora da pauta desta quarta-feira (5\/2) o projeto de decreto legislativo (PDL) que prop\u00f5e a derrubada do aumento das passagens do transporte p\u00fablico do Distrito Federal.<\/p>\n<p>Durante a sess\u00e3o, em consulta aos l\u00edderes, ficou decidido que a proposta, de autoria do distrital F\u00e1bio Felix (PSol), ser\u00e1 avaliada depois. Entre os argumentos usados para postergar a avalia\u00e7\u00e3o do PDL est\u00e1 a de que um grupo de trabalho da C\u00e2mara ainda elabora estudos t\u00e9cnicos sobre o assunto.<\/p>\n<p>Tamb\u00e9m foi levantada a quest\u00e3o de que, na gest\u00e3o do ex-governador Rodrigo Rollemberg (PSB), distritais aprovaram um PDL que barrava o aumento proposto \u00e0 \u00e9poca. O efeito do decreto chegou a vigorar por cerca de uma semana, mas o Tribunal de Justi\u00e7a do Distrito Federal e dos Territ\u00f3rios (TJDFT) entendeu que o decreto n\u00e3o tinha validade.<\/p>\n<p>Autor do PDL atual, F\u00e1bio Felix criticou o adiamento e disse que a decis\u00e3o era um ato pol\u00edtico de apoio ao aumento. \u201cO PDL era a demonstra\u00e7\u00e3o concreta que os parlamentares poderiam dar de que s\u00e3o contra o aumento. Uma coisa \u00e9 dizer que \u00e9 contra outra \u00e9 ser contra de fato.\u201d<\/p>\n<h4>Reajuste<\/h4>\n<p>O aumento foi publicado em 10 de janeiro no Di\u00e1rio Oficial do Distrito Federal e reajustou em 10% o valor de todas as passagens. 826 linhas de \u00f4nibus foram impactadas.<\/p>\n<p>A mudan\u00e7a foi de R$ 2,50 para R$ 2,75, j\u00e1 as de liga\u00e7\u00f5es curtas, de R$ 3,50 para R$ 3,85. Os de longa liga\u00e7\u00e3o, op\u00e7\u00f5es de integra\u00e7\u00e3o, e o metr\u00f4, passaram a custar R$ 5,50. Antes, o valor deles era R$ 5.<\/p>\n<p>Dias depois, o GDF reduziu em R$ 0,05 o valor para as liga\u00e7\u00f5es curtas. A justificativa era de que o valor quebrado dificultava o troco.<\/p>\n","protected":false},"excerpt":{"rendered":"<p>A C\u00e2mara Legislativa decidiu deixar fora da pauta desta quarta-feira (5\/2) o projeto de decreto legislativo (PDL) que prop\u00f5e a derrubada do aumento das passagens do transporte p\u00fablico do Distrito Federal. Durante a sess\u00e3o, em consulta aos l\u00edderes, ficou decidido que a proposta, de autoria do distrital F\u00e1bio Felix (PSol), ser\u00e1 avaliada depois. Entre os argumentos usados para postergar a [&hellip;]<\/p>\n","protected":false},"author":75,"featured_media":3121,"comment_status":"open","ping_status":"closed","sticky":false,"template":"","format":"standard","meta":{"footnotes":""},"categories":[6],"tags":[289,8,2058,288],"class_list":["post-17430","post","type-post","status-publish","format-standard","has-post-thumbnail","hentry","category-noticias","tag-aumento","tag-onibus","tag-passagens","tag-reajuste"],"_links":{"self":[{"href":"https:\/\/blogs.correiobraziliense.com.br\/cbpoder\/wp-json\/wp\/v2\/posts\/17430","targetHints":{"allow":["GET"]}}],"collection":[{"href":"https:\/\/blogs.correiobraziliense.com.br\/cbpoder\/wp-json\/wp\/v2\/posts"}],"about":[{"href":"https:\/\/blogs.correiobraziliense.com.br\/cbpoder\/wp-json\/wp\/v2\/types\/post"}],"author":[{"embeddable":true,"href":"https:\/\/blogs.correiobraziliense.com.br\/cbpoder\/wp-json\/wp\/v2\/users\/75"}],"replies":[{"embeddable":true,"href":"https:\/\/blogs.correiobraziliense.com.br\/cbpoder\/wp-json\/wp\/v2\/comments?post=17430"}],"version-history":[{"count":1,"href":"https:\/\/blogs.correiobraziliense.com.br\/cbpoder\/wp-json\/wp\/v2\/posts\/17430\/revisions"}],"predecessor-version":[{"id":17431,"href":"https:\/\/blogs.correiobraziliense.com.br\/cbpoder\/wp-json\/wp\/v2\/posts\/17430\/revisions\/17431"}],"wp:featuredmedia":[{"embeddable":true,"href":"https:\/\/blogs.correiobraziliense.com.br\/cbpoder\/wp-json\/wp\/v2\/media\/3121"}],"wp:attachment":[{"href":"https:\/\/blogs.correiobraziliense.com.br\/cbpoder\/wp-json\/wp\/v2\/media?parent=17430"}],"wp:term":[{"taxonomy":"category","embeddable":true,"href":"https:\/\/blogs.correiobraziliense.com.br\/cbpoder\/wp-json\/wp\/v2\/categories?post=17430"},{"taxonomy":"post_tag","embeddable":true,"href":"https:\/\/blogs.correiobraziliense.com.br\/cbpoder\/wp-json\/wp\/v2\/tags?post=17430"}],"curies":[{"name":"wp","href":"https:\/\/api.w.org\/{rel}","templated":true}]}}