{"id":17401,"date":"2020-01-31T09:54:50","date_gmt":"2020-01-31T12:54:50","guid":{"rendered":"https:\/\/blogs.correiobraziliense.com.br\/cbpoder\/?p=17401"},"modified":"2020-01-31T09:54:50","modified_gmt":"2020-01-31T12:54:50","slug":"luiz-estevao-compra-mansao-oficial-em-que-dilma-morou-por-r-10-milhoes","status":"publish","type":"post","link":"https:\/\/blogs.correiobraziliense.com.br\/cbpoder\/luiz-estevao-compra-mansao-oficial-em-que-dilma-morou-por-r-10-milhoes\/","title":{"rendered":"Luiz Estev\u00e3o compra mans\u00e3o oficial em que Dilma morou por R$ 10 milh\u00f5es"},"content":{"rendered":"<p>Uma empresa da fam\u00edlia do ex-senador Luiz Estev\u00e3o, que cumpre pena em regime semi-aberto, comprou, na \u00faltima ter\u00e7a-feira (28\/1), a antiga resid\u00eancia oficial da Casa Civil.<\/p>\n<p>O im\u00f3vel, localizado na Pen\u00ednsula dos Ministros, foi arrematado em concorr\u00eancia p\u00fablica por R$ 10,8 milh\u00f5es, segundo o Minist\u00e9rio da Economia. A mans\u00e3o foi ocupada, no passado, pela ex-presidente Dilma Rousseff e por Jos\u00e9 Dirceu, quando comandaram a Casa Civil.<\/p>\n<p>A mans\u00e3o foi arrematada pela Bricco Constru\u00e7\u00f5es, registrada no nome de dois filhos do ex-senador. A empresa foi aberta em abril de 2019 com capital social de R$ 1 mil.<\/p>\n<h3>Multa<\/h3>\n<p>No ano passado, o ex-senador tentou <a href=\"https:\/\/blogs.correiobraziliense.com.br\/cbpoder\/luiz-estevao-pede-prazo-de-10-anos-para-pagar-multa-de-r-8-milhoes\/\">parcelar em 120 vezes<\/a> multa de R$ 8 milh\u00f5es pela condena\u00e7\u00e3o pelos desvios na obra do Tribunal Regional do Trabalho de S\u00e3o Paulo (TRT-SP). \u00c0 \u00e9poca, a defesa argumentou que os <a href=\"https:\/\/www.correiobraziliense.com.br\/app\/noticia\/cidades\/2019\/10\/02\/interna_cidadesdf,793583\/justica-questiona-terreno-oferecido-por-luiz-estevao-como-garantia.shtml\">bens<\/a> de Luiz Estev\u00e3o foram bloqueados por for\u00e7a de decis\u00f5es judiciais, o que impossibilitaria o pagamento em uma \u00fanica parcela.<\/p>\n<p>O pedido foi negado pela Justi\u00e7a, assim como outra tentativa de dividir a d\u00edvida. \u201c\u201c\u00c9 fato not\u00f3rio que o apenado \u00e9 um dos homens mais ricos do Distrito Federal, qui\u00e7\u00e1, do Brasil e este fato not\u00f3rio \u00e9 extra\u00eddo de v\u00e1rias manifesta\u00e7\u00f5es p\u00fablicas do pr\u00f3prio sentenciado\u201d, escreveu a ju\u00edza Leila Cury, da Vara de Execu\u00e7\u00f5es Penais, ao indeferir a solicita\u00e7\u00e3o.<\/p>\n<h3>Pris\u00e3o<\/h3>\n<p>Luiz Estev\u00e3o foi preso em mar\u00e7o de 2016 pelo esc\u00e2ndalo nas obras do Tribunal Regional do Trabalho de S\u00e3o Paulo (TRT-SP). As irregularidades cometidas pelo empres\u00e1rio come\u00e7aram j\u00e1 na constru\u00e7\u00e3o do f\u00f3rum em 1992.<\/p>\n<p>Os fatos s\u00f3 vieram \u00e0 tona em 1998 quando Estev\u00e3o revelou o esquema em CPI realizada para investigar o Poder Judici\u00e1rio. O desvio, em valores da \u00e9poca, foi de R$ 170 milh\u00f5es e culminou na pris\u00e3o do juiz Nicolau dos Santos Neto, presidente do TRT-SP no per\u00edodo em que os desvios ocorreram.<\/p>\n<p>Ao longo do processo, Estev\u00e3o apresentou sucessivos recursos ao Superior Tribunal de Justi\u00e7a (STJ) e ao Supremo Tribunal Federal (STF) para conseguir postergar o in\u00edcio do cumprimento da pena.<\/p>\n<p>Em mar\u00e7o de 2019, Estev\u00e3o conseguiu autoriza\u00e7\u00e3o para progredir para o regime semiaberto, depois de cumprir um sexto da pena.<\/p>\n<p>Atualmente, ele d\u00e1 expediente na P&amp;G Imobili\u00e1ria e Administra\u00e7\u00e3o Ltda, empresa de gerenciamento de im\u00f3veis no localizada Edif\u00edcio Brasil 21, no Setor Hoteleiro Sul.<\/p>\n","protected":false},"excerpt":{"rendered":"<p>Uma empresa da fam\u00edlia do ex-senador Luiz Estev\u00e3o, que cumpre pena em regime semi-aberto, comprou, na \u00faltima ter\u00e7a-feira (28\/1), a antiga resid\u00eancia oficial da Casa Civil. O im\u00f3vel, localizado na Pen\u00ednsula dos Ministros, foi arrematado em concorr\u00eancia p\u00fablica por R$ 10,8 milh\u00f5es, segundo o Minist\u00e9rio da Economia. A mans\u00e3o foi ocupada, no passado, pela ex-presidente Dilma Rousseff e por Jos\u00e9 [&hellip;]<\/p>\n","protected":false},"author":75,"featured_media":10186,"comment_status":"open","ping_status":"closed","sticky":false,"template":"","format":"standard","meta":{"footnotes":""},"categories":[6],"tags":[2084,180,2083,324],"class_list":["post-17401","post","type-post","status-publish","format-standard","has-post-thumbnail","hentry","category-noticias","tag-bricco","tag-dilma","tag-leilao","tag-luiz-estevao"],"_links":{"self":[{"href":"https:\/\/blogs.correiobraziliense.com.br\/cbpoder\/wp-json\/wp\/v2\/posts\/17401","targetHints":{"allow":["GET"]}}],"collection":[{"href":"https:\/\/blogs.correiobraziliense.com.br\/cbpoder\/wp-json\/wp\/v2\/posts"}],"about":[{"href":"https:\/\/blogs.correiobraziliense.com.br\/cbpoder\/wp-json\/wp\/v2\/types\/post"}],"author":[{"embeddable":true,"href":"https:\/\/blogs.correiobraziliense.com.br\/cbpoder\/wp-json\/wp\/v2\/users\/75"}],"replies":[{"embeddable":true,"href":"https:\/\/blogs.correiobraziliense.com.br\/cbpoder\/wp-json\/wp\/v2\/comments?post=17401"}],"version-history":[{"count":1,"href":"https:\/\/blogs.correiobraziliense.com.br\/cbpoder\/wp-json\/wp\/v2\/posts\/17401\/revisions"}],"predecessor-version":[{"id":17402,"href":"https:\/\/blogs.correiobraziliense.com.br\/cbpoder\/wp-json\/wp\/v2\/posts\/17401\/revisions\/17402"}],"wp:featuredmedia":[{"embeddable":true,"href":"https:\/\/blogs.correiobraziliense.com.br\/cbpoder\/wp-json\/wp\/v2\/media\/10186"}],"wp:attachment":[{"href":"https:\/\/blogs.correiobraziliense.com.br\/cbpoder\/wp-json\/wp\/v2\/media?parent=17401"}],"wp:term":[{"taxonomy":"category","embeddable":true,"href":"https:\/\/blogs.correiobraziliense.com.br\/cbpoder\/wp-json\/wp\/v2\/categories?post=17401"},{"taxonomy":"post_tag","embeddable":true,"href":"https:\/\/blogs.correiobraziliense.com.br\/cbpoder\/wp-json\/wp\/v2\/tags?post=17401"}],"curies":[{"name":"wp","href":"https:\/\/api.w.org\/{rel}","templated":true}]}}