{"id":17300,"date":"2020-01-20T08:02:57","date_gmt":"2020-01-20T11:02:57","guid":{"rendered":"https:\/\/blogs.correiobraziliense.com.br\/cbpoder\/?p=17300"},"modified":"2020-01-20T08:02:57","modified_gmt":"2020-01-20T11:02:57","slug":"secretario-de-desenvolvimento-economico-preve-investimento-de-r-1-bi-no-df-em-2020","status":"publish","type":"post","link":"https:\/\/blogs.correiobraziliense.com.br\/cbpoder\/secretario-de-desenvolvimento-economico-preve-investimento-de-r-1-bi-no-df-em-2020\/","title":{"rendered":"Secret\u00e1rio de Desenvolvimento Econ\u00f4mico prev\u00ea investimento de R$ 1 bi no DF em 2020"},"content":{"rendered":"<h6><strong>Coluna Eixo Capital\/Por Alexandre de Paula<\/strong><\/h6>\n<h2><em><strong>\u00c0 QUEIMA-ROUPA<\/strong><\/em><\/h2>\n<p>Ruy Coutinho, secret\u00e1rio de Desenvolvimento Econ\u00f4mico do DF<\/p>\n<p><strong>Qual a import\u00e2ncia da cria\u00e7\u00e3o de uma ag\u00eancia para atra\u00e7\u00e3o de investimentos para o DF?<\/strong><\/p>\n<p>Em primeiro lugar, a cria\u00e7\u00e3o dessa ag\u00eancia est\u00e1 no contexto da opera\u00e7\u00e3o de financiamento concedido pelo Banco Interamericano Desenvolvimento (BID), de U$ 71 milh\u00f5es. Dentre as exig\u00eancias que eles fazem para o acordo est\u00e1 a cria\u00e7\u00e3o de uma ag\u00eancia de investimentos. Estamos seguindo essa diretriz. Al\u00e9m disso, a ag\u00eancia vai ser uma porta de entrada \u00fanica para todos os grandes projetos que venham para o DF. Hoje, fala-se com muitas pessoas e fica muito disperso, pode-se at\u00e9 perder possibilidades nesse processo mais difuso. Ent\u00e3o, a ag\u00eancia \u00e9 um canal de entrada \u00fanico para os investimentos destinados ao DF. Ela tamb\u00e9m \u00e9 importante na condu\u00e7\u00e3o desses processos junto aos demais \u00f3rg\u00e3os de projetos grandes que precisam da resolu\u00e7\u00e3o de quest\u00f5es com outros \u00f3rg\u00e3os do governo.<\/p>\n<p><strong>O que \u00e9 necess\u00e1rio para que ela seja efetiva na pr\u00e1tica?<\/strong><\/p>\n<p>Ela tem que ser criada por meio de um Projeto de Lei, aprovado pela C\u00e2mara e regulamentado pelo pr\u00f3prio governo. Esse \u00e9 o passo inicial. N\u00f3s estamos trabalhando em cima do modelo de servi\u00e7o social aut\u00f4nomo, que \u00e9 o modelo usado em S\u00e3o Paulo, no Paran\u00e1. As experi\u00eancias mais eficientes adotaram esse modelo. A princ\u00edpio, devemos seguir esse caminho. Tivemos uma primeira reuni\u00e3o nesta semana, e vamos fazer uma segunda em de fevereiro. Nossa inten\u00e7\u00e3o \u00e9 trabalhar intensamente no m\u00eas de fevereiro e submeter o projeto \u00e0 C\u00e2mara em mar\u00e7o.<\/p>\n<p><strong>Quais as perspectivas para o desenvolvimento econ\u00f4mico no DF para este ano?<\/strong><\/p>\n<p>Em termos de investimento, n\u00f3s temos praticamente inten\u00e7\u00e3o da ordem de R$ 1 bilh\u00e3o. Temos, por exemplo, iniciativas como o Hospital MD Anderson, que trar\u00e1 R$ 400 milh\u00f5es, e a CAB Motors, com mais R$ 200 milh\u00f5es. E estamos em janeiro ainda. H\u00e1 outros projetos em an\u00e1lise. Vejo 2020 como um ano promissor, principalmente se considerarmos que a economia brasileira est\u00e1 reagindo e, consequentemente, a brasiliense tamb\u00e9m. A constru\u00e7\u00e3o civil aqui no DF \u00e9 muito forte e o setor est\u00e1 come\u00e7ando a avan\u00e7ar tamb\u00e9m. O cen\u00e1rio \u00e9 de otimismo.<\/p>\n<p><strong>Quais foram os principais avan\u00e7os alcan\u00e7ados neste primeiro ano de gest\u00e3o?<\/strong><\/p>\n<p>O primeiro grande avan\u00e7o foi o Desenvolve-DF, que faz a reformata\u00e7\u00e3o do Pr\u00f3-DF. O segundo foi conseguir esse empr\u00e9stimo do BID para infraestrutura. Tamb\u00e9m fizemos o lan\u00e7amento das privatiza\u00e7\u00f5es. Esses s\u00e3o os macroprojetos, mas h\u00e1 iniciativas pequenas que s\u00e3o importantes, como o Cart\u00e3o Material Escolar e os Pequenos Reparos, que geram dinheiro e empregam. A pr\u00f3pria ag\u00eancia tamb\u00e9m \u00e9 um avan\u00e7o, e trabalhamos nela desde o ano passado.<\/p>\n<p><strong>E quais s\u00e3o os maiores desafios partir de agora?<\/strong><\/p>\n<p>A aprova\u00e7\u00e3o da ag\u00eancia para dar celeridade aos nossos investimentos. A procura de aportes de capital de institui\u00e7\u00f5es estrangeiras, como o banco do Brics, com quem vamos nos reunir no in\u00edcio de fevereiro. Tamb\u00e9m precisamos buscar outras opera\u00e7\u00f5es com o BID. Temos de enfrentar a quest\u00e3o do programa de concess\u00f5es de PPPs, que \u00e9 muito importante. A (privatiza\u00e7\u00e3o do) Metr\u00f4 e (a concess\u00e3o da) Rodovi\u00e1ria do Plano Piloto s\u00e3o fundamentais. A rodovi\u00e1ria \u00e9 um grande ativo do DF, que est\u00e1 decr\u00e9pito, com problemas at\u00e9 de viol\u00eancia. Mas temos condi\u00e7\u00f5es de fazer tudo isso e realizar um bom trabalho com o apoio que o governador Ibaneis tem nos dado em tudo.<\/p>\n","protected":false},"excerpt":{"rendered":"<p>Coluna Eixo Capital\/Por Alexandre de Paula \u00c0 QUEIMA-ROUPA Ruy Coutinho, secret\u00e1rio de Desenvolvimento Econ\u00f4mico do DF Qual a import\u00e2ncia da cria\u00e7\u00e3o de uma ag\u00eancia para atra\u00e7\u00e3o de investimentos para o DF? Em primeiro lugar, a cria\u00e7\u00e3o dessa ag\u00eancia est\u00e1 no contexto da opera\u00e7\u00e3o de financiamento concedido pelo Banco Interamericano Desenvolvimento (BID), de U$ 71 milh\u00f5es. Dentre as exig\u00eancias que eles [&hellip;]<\/p>\n","protected":false},"author":75,"featured_media":17301,"comment_status":"open","ping_status":"closed","sticky":false,"template":"","format":"standard","meta":{"footnotes":""},"categories":[234],"tags":[],"class_list":["post-17300","post","type-post","status-publish","format-standard","has-post-thumbnail","hentry","category-cb-poder"],"_links":{"self":[{"href":"https:\/\/blogs.correiobraziliense.com.br\/cbpoder\/wp-json\/wp\/v2\/posts\/17300","targetHints":{"allow":["GET"]}}],"collection":[{"href":"https:\/\/blogs.correiobraziliense.com.br\/cbpoder\/wp-json\/wp\/v2\/posts"}],"about":[{"href":"https:\/\/blogs.correiobraziliense.com.br\/cbpoder\/wp-json\/wp\/v2\/types\/post"}],"author":[{"embeddable":true,"href":"https:\/\/blogs.correiobraziliense.com.br\/cbpoder\/wp-json\/wp\/v2\/users\/75"}],"replies":[{"embeddable":true,"href":"https:\/\/blogs.correiobraziliense.com.br\/cbpoder\/wp-json\/wp\/v2\/comments?post=17300"}],"version-history":[{"count":1,"href":"https:\/\/blogs.correiobraziliense.com.br\/cbpoder\/wp-json\/wp\/v2\/posts\/17300\/revisions"}],"predecessor-version":[{"id":17302,"href":"https:\/\/blogs.correiobraziliense.com.br\/cbpoder\/wp-json\/wp\/v2\/posts\/17300\/revisions\/17302"}],"wp:featuredmedia":[{"embeddable":true,"href":"https:\/\/blogs.correiobraziliense.com.br\/cbpoder\/wp-json\/wp\/v2\/media\/17301"}],"wp:attachment":[{"href":"https:\/\/blogs.correiobraziliense.com.br\/cbpoder\/wp-json\/wp\/v2\/media?parent=17300"}],"wp:term":[{"taxonomy":"category","embeddable":true,"href":"https:\/\/blogs.correiobraziliense.com.br\/cbpoder\/wp-json\/wp\/v2\/categories?post=17300"},{"taxonomy":"post_tag","embeddable":true,"href":"https:\/\/blogs.correiobraziliense.com.br\/cbpoder\/wp-json\/wp\/v2\/tags?post=17300"}],"curies":[{"name":"wp","href":"https:\/\/api.w.org\/{rel}","templated":true}]}}