{"id":17258,"date":"2020-01-09T07:54:04","date_gmt":"2020-01-09T10:54:04","guid":{"rendered":"https:\/\/blogs.correiobraziliense.com.br\/cbpoder\/?p=17258"},"modified":"2020-01-09T10:35:11","modified_gmt":"2020-01-09T13:35:11","slug":"gdf-estuda-reajuste-das-tarifas-de-onibus","status":"publish","type":"post","link":"https:\/\/blogs.correiobraziliense.com.br\/cbpoder\/gdf-estuda-reajuste-das-tarifas-de-onibus\/","title":{"rendered":"GDF estuda reajuste das tarifas de \u00f4nibus ainda em janeiro"},"content":{"rendered":"<h6><strong>Coluna Eixo Capital\/Por Alexandre de Paula<\/strong><\/h6>\n<p>Est\u00e1 em an\u00e1lise no governo local um reajuste nas<strong> tarifas de \u00f4nibus<\/strong> para valer ainda em<strong> janeiro<\/strong>. A medida seria uma forma de barrar o rombo no valor do subs\u00eddio bancado pelo<strong> GDF<\/strong>, que est\u00e1 em R$ 700 milh\u00f5es. O assunto foi debatido ontem no <strong>Conselho de Mobilidade<\/strong>. O valor do poss\u00edvel aumento n\u00e3o foi estabelecido, mas t\u00e9cnicos do governo est\u00e3o debru\u00e7ados nos c\u00e1lculos para a defini\u00e7\u00e3o. Outra mudan\u00e7a no sistema de transporte ser\u00e1 a exig\u00eancia do Executivo para que empresas coloquem 80 \u00f4nibus a mais rodando na capital.<\/p>\n<h2><strong>Aumentos anteriores<\/strong><\/h2>\n<p>O reajuste mais recente ocorreu em 2017, no governo de <strong>Rodrigo Rollemberg<\/strong> (PSB). \u00c0 \u00e9poca, as linhas circulares internas passaram de R$ 2,25 para R$ 2,50; as de liga\u00e7\u00e3o curta foram de R$ 3 para R$ 3,50; e as viagens de longa dist\u00e2ncia e integra\u00e7\u00e3o subiram de R$ 4 para R$ 5. No governo de Rollemberg, os valores tamb\u00e9m aumentaram em 2015.<\/p>\n<h2><strong>Subs\u00eddio<\/strong><\/h2>\n<p>O governador<strong> Ibaneis Rocha<\/strong> (MDB) comentou em algumas ocasi\u00f5es a dificuldade de manter o valor do subs\u00eddio para as empresas de \u00f4nibus. Em entrevista ao <strong>Correio<\/strong> em setembro, ele deu a seguinte declara\u00e7\u00e3o ao falar sobre os gastos com <strong>Passe Livre<\/strong>: <a href=\"https:\/\/www.correiobraziliense.com.br\/app\/noticia\/cidades\/2019\/09\/19\/interna_cidadesdf,783098\/o-nosso-processo-e-de-transformacao-diz-ibaneis-em-entrevista-ao-co.shtml\">\u201cN\u00e3o h\u00e1 dinheiro para investir em mobilidade, porque tudo vai no Passe Livre, nas gratuidades e nas absor\u00e7\u00f5es. Se eu aumento tarifa para investir em mobilidade, todo mundo reclama. De onde vem o dinheiro? Essa \u00e9 a grande pergunta que temos de fazer\u201d.<\/a><\/p>\n<h2><strong>De olho no Congresso<\/strong><\/h2>\n<p>Est\u00e1 nos planos do deputado distrital <strong>Rodrigo Delmasso<\/strong> (Republicanos) tentar desafios mais altos na pr\u00f3xima elei\u00e7\u00e3o. A ideia \u00e9 disputar uma cadeira na C\u00e2mara dos Deputados em 2022. O que pesa para isso, no entanto, \u00e9 uma poss\u00edvel candidatura \u00e0 reelei\u00e7\u00e3o do correligion\u00e1rio Julio Cesar. Os dois t\u00eam base eleitoral no mesmo segmento \u2014 os evang\u00e9licos \u2014 e a avalia\u00e7\u00e3o \u00e9 de que a divis\u00e3o resultaria no fracasso das duas campanhas. Uma possibilidade que abre caminho para Delmasso nesse sentido \u00e9 a de que Julio Cesar tente o Senado.<\/p>\n<h2><strong>Dificuldades carnavalescas<\/strong><\/h2>\n<p>\u00c0s v\u00e9speras de fevereiro, o carnaval de Bras\u00edlia esbarra em quest\u00f5es burocr\u00e1ticas. Dos 66 blocos habilitados para receber verbas do edital do Fundo de Apoio \u00e0 Cultura (FAC) voltado para a folia, 59 n\u00e3o passaram pela fase de admissibilidade. Os grupos t\u00eam agora at\u00e9 20 de janeiro para recorrer adequar a documenta\u00e7\u00e3o pedida pela Secretaria de Cultura e Economia Criativa. Nesta semana, o chefe da pasta, Bartolomeu Rodrigues, afirmou que o governo n\u00e3o far\u00e1 concess\u00f5es \u00e0s exig\u00eancias legais para evitar poss\u00edveis problemas de improbidade.<\/p>\n<h2><strong>Presen\u00e7a digital<\/strong><\/h2>\n<p>Com instala\u00e7\u00e3o em andamento durante o recesso parlamentar, o painel eletr\u00f4nico da C\u00e2mara Legislativa do Distrito Federal estar\u00e1 em funcionamento na primeira sess\u00e3o do ano, em 4 de fevereiro. O equipamento, al\u00e9m das vota\u00e7\u00f5es, ser\u00e1 usado para registrar a presen\u00e7a dos parlamentares em plen\u00e1rio. A tecnologia deve evitar den\u00fancias como as que envolveram o distrital Rob\u00e9rio Negreiros, <a href=\"https:\/\/blogs.correiobraziliense.com.br\/cbpoder\/tcdf-apura-faltas-de-roberio-em-plenario-durante-viagem-a-disney\/\">suspeito de fraudar a folha de ponto da Casa<\/a>.<\/p>\n<h2><strong>Apelido maldoso<\/strong><\/h2>\n<p>Por causa das investiga\u00e7\u00f5es contra o deputado e pela novidade no sistema de registro de presen\u00e7as, o painel ganhou um apelido provocador nos bastidores da Casa: Rob\u00e9rio.<\/p>\n<blockquote>\n<p style=\"text-align: right\">\u201cQue em 2020 tenhamos mais grandeza. N\u00e3o no sentido da arrog\u00e2ncia, mas da f\u00e9 em nosso destino.\u201d<br \/>\n<strong>Fernando Henrique Cardoso, ex-presidente da Rep\u00fablica em artigo publicado no Estad\u00e3o<\/strong><\/p>\n<\/blockquote>\n<p><strong>\u201cFHC pedindo grandeza (n\u00e3o foi ele quem passou a reelei\u00e7\u00e3o e segurou a desvaloriza\u00e7\u00e3o at\u00e9 assumir o 2o mandato?); para n\u00e3o sermos arrogantes (sem coment\u00e1rios); para termos f\u00e9 (ele n\u00e3o \u00e9 ateu?).\u201d<\/strong><\/p>\n<p style=\"text-align: right\"><strong>Abraham Weintraub, ministro da Educa\u00e7\u00e3o<\/strong><\/p>\n","protected":false},"excerpt":{"rendered":"<p>Coluna Eixo Capital\/Por Alexandre de Paula Est\u00e1 em an\u00e1lise no governo local um reajuste nas tarifas de \u00f4nibus para valer ainda em janeiro. A medida seria uma forma de barrar o rombo no valor do subs\u00eddio bancado pelo GDF, que est\u00e1 em R$ 700 milh\u00f5es. O assunto foi debatido ontem no Conselho de Mobilidade. O valor do poss\u00edvel aumento n\u00e3o [&hellip;]<\/p>\n","protected":false},"author":75,"featured_media":3121,"comment_status":"open","ping_status":"closed","sticky":false,"template":"","format":"standard","meta":{"footnotes":""},"categories":[234],"tags":[400,16,917,8,665,578],"class_list":["post-17258","post","type-post","status-publish","format-standard","has-post-thumbnail","hentry","category-cb-poder","tag-cldf","tag-gdf","tag-ibaneis-rocha","tag-onibus","tag-roberio-negreiros","tag-tarifa"],"_links":{"self":[{"href":"https:\/\/blogs.correiobraziliense.com.br\/cbpoder\/wp-json\/wp\/v2\/posts\/17258","targetHints":{"allow":["GET"]}}],"collection":[{"href":"https:\/\/blogs.correiobraziliense.com.br\/cbpoder\/wp-json\/wp\/v2\/posts"}],"about":[{"href":"https:\/\/blogs.correiobraziliense.com.br\/cbpoder\/wp-json\/wp\/v2\/types\/post"}],"author":[{"embeddable":true,"href":"https:\/\/blogs.correiobraziliense.com.br\/cbpoder\/wp-json\/wp\/v2\/users\/75"}],"replies":[{"embeddable":true,"href":"https:\/\/blogs.correiobraziliense.com.br\/cbpoder\/wp-json\/wp\/v2\/comments?post=17258"}],"version-history":[{"count":2,"href":"https:\/\/blogs.correiobraziliense.com.br\/cbpoder\/wp-json\/wp\/v2\/posts\/17258\/revisions"}],"predecessor-version":[{"id":17260,"href":"https:\/\/blogs.correiobraziliense.com.br\/cbpoder\/wp-json\/wp\/v2\/posts\/17258\/revisions\/17260"}],"wp:featuredmedia":[{"embeddable":true,"href":"https:\/\/blogs.correiobraziliense.com.br\/cbpoder\/wp-json\/wp\/v2\/media\/3121"}],"wp:attachment":[{"href":"https:\/\/blogs.correiobraziliense.com.br\/cbpoder\/wp-json\/wp\/v2\/media?parent=17258"}],"wp:term":[{"taxonomy":"category","embeddable":true,"href":"https:\/\/blogs.correiobraziliense.com.br\/cbpoder\/wp-json\/wp\/v2\/categories?post=17258"},{"taxonomy":"post_tag","embeddable":true,"href":"https:\/\/blogs.correiobraziliense.com.br\/cbpoder\/wp-json\/wp\/v2\/tags?post=17258"}],"curies":[{"name":"wp","href":"https:\/\/api.w.org\/{rel}","templated":true}]}}