{"id":17183,"date":"2019-12-22T13:57:01","date_gmt":"2019-12-22T16:57:01","guid":{"rendered":"https:\/\/blogs.correiobraziliense.com.br\/cbpoder\/?p=17183"},"modified":"2019-12-22T13:57:02","modified_gmt":"2019-12-22T16:57:02","slug":"desconhecimento-completo-diz-sobrinho-de-niemeyer-sobre-criticas-ao-projeto-do-memorial-da-biblia","status":"publish","type":"post","link":"https:\/\/blogs.correiobraziliense.com.br\/cbpoder\/desconhecimento-completo-diz-sobrinho-de-niemeyer-sobre-criticas-ao-projeto-do-memorial-da-biblia\/","title":{"rendered":"&#8220;Desconhecimento completo&#8221;, diz sobrinho de Niemeyer sobre cr\u00edticas ao projeto do Memorial da B\u00edblia"},"content":{"rendered":"<h6><em><strong>\u00c0 QUEIMA-ROUPA <\/strong><\/em><br \/>\nPaulo S\u00e9rgio Niemeyer, presidente do Instituto Niemeyer e bisneto de Oscar Niemeyer<\/h6>\n<p><strong>Como foi feito o projeto do Memorial da B\u00edblia, cuja pedra fundamental foi lan\u00e7ada na semana passada? Seu bisav\u00f4, Oscar Niemeyer, deixou o projeto conclu\u00eddo?<\/strong><br \/>\nFoi feito na d\u00e9cada de 1980 e virou lei aprovada pela C\u00e2mara Legislativa. Depois de virar lei, faltavam os projetos b\u00e1sico e o executivo.<\/p>\n<p><strong>Quem encomendou?<\/strong><br \/>\nO projeto sempre foi uma demanda da frente evang\u00e9lica e dos cat\u00f3licos, porque reverencia e presta uma homenagem \u00e0 b\u00edblia, que \u00e9 tombada como patrim\u00f4nio hist\u00f3rico da humanidade. H\u00e1 dois museus (com o mesmo enfoque), um em Washington e outro no interior de S\u00e3o Paulo. O projeto desse museu para Bras\u00edlia \u00e9 nacional, \u00fanico e original, criado por Oscar Niemeyer.<\/p>\n<p><strong>Em que \u00e9 inspirado?<\/strong><br \/>\nAcredito que possa ter inspira\u00e7\u00e3o numa b\u00edblia aberta. O Oscar, muitas vezes, gostava de ter alguma refer\u00eancia na quest\u00e3o do mimetismo, da arquitetura numa representa\u00e7\u00e3o como nas curvas da mulher, nas nuvens, como ele gostava de dizer. E, como ele descreve numa frase no croqui original, o Museu da B\u00edblia tinha que surgir do ch\u00e3o como obra da natureza. Entendo tamb\u00e9m que ele pode ter se referenciado na quest\u00e3o da flor, numa obra de arquitetura que brota do solo. Considero tamb\u00e9m importante a refer\u00eancia ao Le Havre, na Fran\u00e7a, projeto muito emblem\u00e1tico do Oscar, que tem todas as caracter\u00edsticas do Museu da B\u00edblia, como a pra\u00e7a rebaixada para a prote\u00e7\u00e3o dos ventos.<\/p>\n<p><strong>Como recebe as cr\u00edticas do presidente do CAU de que o desenho seria apenas um rabisco adaptado para ter a assinatura de Niemeyer?<\/strong><br \/>\nRecebo como um desconhecimento completo sobre a import\u00e2ncia do croqui para Niemeyer. Todo arquiteto minimamente familiarizado com a obra de Niemeyer sabe que, quando ele fazia croqui, ali havia um projeto. E o Oscar gostava de dizer que quando a estrutura estava projetada ali estava a arquitetura. Ele tinha muita rever\u00eancia \u00e0 engenharia, a arquitetura da estrutura. Foi assim no museu de Niter\u00f3i, foi assim com o Congresso Nacional, com a Catedral Metropolitana de Bras\u00edlia. Foi assim com a Igrejinha Nossa Senhora de F\u00e1tima, foi assim com a Ermida Dom Bosco, com o Itamaraty, que \u00e9 uma obra fant\u00e1stica. Ent\u00e3o, o Museu da B\u00edblia s\u00f3 tem a confirmar a genialidade do Oscar, com um balan\u00e7o in\u00e9dito incr\u00edvel, uma aud\u00e1cia estrutural, como ele gostava de fazer. Esse projeto \u00e9 muito forte e muito emblem\u00e1tico porque sintetiza o pensamento do Oscar na forma da arquitetura que ele faz.<\/p>\n<p><strong>H\u00e1 um embate entre os herdeiros de Niemeyer pelo legado do grande arquiteto?<\/strong><br \/>\nN\u00e3o existe um embate. Eu sou o \u00fanico arquiteto herdeiro do Oscar que continuou projetando. Trabalhava com Oscar e sou coautor em v\u00e1rios projetos de arquitetura, com o Centro de Arquitetura de Minas, como o Museu Lu\u00eds Carlos Prestes, que terminamos ap\u00f3s o seu falecimento, em 2012. Quase todos os projetos eram desenhados por Oscar e por mim. Hoje sou herdeiro do Oscar e respons\u00e1vel pelo invent\u00e1rio da minha m\u00e3e, Ana Elisa, junto com meus irm\u00e3os. Estamos tentando chegar num acordo sobre como dividir a heran\u00e7a. Mas estamos chegando numa solu\u00e7\u00e3o que vai ser boa para todo mundo, com certeza. Afinal, todo trabalho deixado por Oscar \u00e9 dos herdeiros.<\/p>\n<p><strong>E h\u00e1 embate partindo de arquitetos que reclamam de uma reserva de mercado para Niemeyer?<\/strong><br \/>\nExistem arquitetos que reclamam da reserva de mercado para Niemeyer. S\u00f3 que a maioria s\u00e3o grandes arquitetos que reverenciam o trabalho do Oscar. Ele \u00e9 o maior arquiteto do mundo, na minha opini\u00e3o e de v\u00e1rios arquitetos. \u00c9 como ter uma obra do Picasso, do Salvador Dali, do Portinari, do Michel\u00e2ngelo, do Brunelleschi. A arquitetura do Niemeyer \u00e9 estudada no mundo todo. N\u00e3o tem como se formar em arquitetura sem entender a import\u00e2ncia da arquitetura dele. E ele \u00e9 brasileiro. Oscar nasceu no Rio de Janeiro, mas trabalhou no Brasil inteiro e no exterior. O pa\u00eds tem a obriga\u00e7\u00e3o de reverenciar e apoiar para que possamos realizar as obras inacabadas de Oscar. Estamos tentando criar em Bras\u00edlia, com apoio da Secretaria de Turismo e do governador Ibaneis, um guia tur\u00edstico para conhecer as obras de Niemeyer. Vir\u00e1 gente do mundo todo, para conhecer essa obra e entender como era o trabalho e o processo criativo dele. O Brasil ganha com o fim das obras inacabadas.<\/p>\n<p><strong>Qual a import\u00e2ncia do Memorial da B\u00edblia?<\/strong><br \/>\nAcredito que ser\u00e1 um importante \u00edcone de arquitetura da obra de Niemeyer e com grande visita\u00e7\u00e3o de pessoas do Brasil e do mundo, al\u00e9m de atender a um p\u00fablico cada vez maior de gente simples, temente a Deus, que acredita na B\u00edblia, Transforma Bras\u00edlia numa cidade mais ecum\u00eanica.<\/p>\n<p><strong>Acredita que haver\u00e1 recursos para a obra num momento em que se busca verba para a reforma do Teatro Nacional, fechado h\u00e1 mais de quatro anos?<\/strong><br \/>\nAcredito. A maior parte vir\u00e1 de emenda da bancada evang\u00e9lica. Ent\u00e3o, evang\u00e9licos do Brasil inteiro v\u00e3o captar recursos. O GDF apenas deu continuidade a uma lei de 1995 que j\u00e1 destinava o terreno para a constru\u00e7\u00e3o do museu. Acho importante tamb\u00e9m deixar claro meu agradecimento ao (governador) Ibaneis e a toda a sua equipe. S\u00f3 um governador com a qualidade dele \u00e9 capaz de entender a import\u00e2ncia de um projeto desse, concluindo e complementando o Eixo Monumental. O empenho do governador e de sua equipe para alinhar e fazer com que tudo d\u00ea certo tem sido fenomenal.<\/p>\n","protected":false},"excerpt":{"rendered":"<p>\u00c0 QUEIMA-ROUPA Paulo S\u00e9rgio Niemeyer, presidente do Instituto Niemeyer e bisneto de Oscar Niemeyer Como foi feito o projeto do Memorial da B\u00edblia, cuja pedra fundamental foi lan\u00e7ada na semana passada? Seu bisav\u00f4, Oscar Niemeyer, deixou o projeto conclu\u00eddo? Foi feito na d\u00e9cada de 1980 e virou lei aprovada pela C\u00e2mara Legislativa. Depois de virar lei, faltavam os projetos b\u00e1sico [&hellip;]<\/p>\n","protected":false},"author":9,"featured_media":17179,"comment_status":"open","ping_status":"closed","sticky":false,"template":"","format":"standard","meta":{"footnotes":""},"categories":[234],"tags":[2047,1973],"class_list":["post-17183","post","type-post","status-publish","format-standard","has-post-thumbnail","hentry","category-cb-poder","tag-memorial-da-biblia","tag-niemeyer"],"_links":{"self":[{"href":"https:\/\/blogs.correiobraziliense.com.br\/cbpoder\/wp-json\/wp\/v2\/posts\/17183","targetHints":{"allow":["GET"]}}],"collection":[{"href":"https:\/\/blogs.correiobraziliense.com.br\/cbpoder\/wp-json\/wp\/v2\/posts"}],"about":[{"href":"https:\/\/blogs.correiobraziliense.com.br\/cbpoder\/wp-json\/wp\/v2\/types\/post"}],"author":[{"embeddable":true,"href":"https:\/\/blogs.correiobraziliense.com.br\/cbpoder\/wp-json\/wp\/v2\/users\/9"}],"replies":[{"embeddable":true,"href":"https:\/\/blogs.correiobraziliense.com.br\/cbpoder\/wp-json\/wp\/v2\/comments?post=17183"}],"version-history":[{"count":1,"href":"https:\/\/blogs.correiobraziliense.com.br\/cbpoder\/wp-json\/wp\/v2\/posts\/17183\/revisions"}],"predecessor-version":[{"id":17184,"href":"https:\/\/blogs.correiobraziliense.com.br\/cbpoder\/wp-json\/wp\/v2\/posts\/17183\/revisions\/17184"}],"wp:featuredmedia":[{"embeddable":true,"href":"https:\/\/blogs.correiobraziliense.com.br\/cbpoder\/wp-json\/wp\/v2\/media\/17179"}],"wp:attachment":[{"href":"https:\/\/blogs.correiobraziliense.com.br\/cbpoder\/wp-json\/wp\/v2\/media?parent=17183"}],"wp:term":[{"taxonomy":"category","embeddable":true,"href":"https:\/\/blogs.correiobraziliense.com.br\/cbpoder\/wp-json\/wp\/v2\/categories?post=17183"},{"taxonomy":"post_tag","embeddable":true,"href":"https:\/\/blogs.correiobraziliense.com.br\/cbpoder\/wp-json\/wp\/v2\/tags?post=17183"}],"curies":[{"name":"wp","href":"https:\/\/api.w.org\/{rel}","templated":true}]}}