{"id":17177,"date":"2019-12-21T06:00:49","date_gmt":"2019-12-21T09:00:49","guid":{"rendered":"https:\/\/blogs.correiobraziliense.com.br\/cbpoder\/?p=17177"},"modified":"2019-12-20T23:05:01","modified_gmt":"2019-12-21T02:05:01","slug":"memorial-da-biblia-vira-polemica","status":"publish","type":"post","link":"https:\/\/blogs.correiobraziliense.com.br\/cbpoder\/memorial-da-biblia-vira-polemica\/","title":{"rendered":"Memorial da B\u00edblia vira pol\u00eamica"},"content":{"rendered":"<h5>ANA MARIA CAMPOS<\/h5>\n<p>A pedido da comunidade evang\u00e9lica, o governador Ibaneis Rocha (MDB) promoveu nesta semana o lan\u00e7amento da pedra fundamental do Memorial da B\u00edblia do Brasil, no Setor Militar Urbano (SMU). O projeto do monumento \u00e9 atribu\u00eddo a Oscar Niemeyer. O desenho foi elaborado a partir de um esbo\u00e7o do arquiteto.<\/p>\n<p>&nbsp;<\/p>\n<p>Mas o Conselho de Arquitetura e Urbanismo do Distrito Federal (CAU\/DF) nega que a autoria seja do arquiteto dos monumentos de Bras\u00edlia. \u201cA imagem revela o descalabro da proposta: baseado em um rabisco que foi feito por Niemeyer, um arquiteto foi contratado para desenvolver um estudo baseado nas poucas linhas deixadas por ele, sete anos ap\u00f3s sua morte\u201d, afirma a nota do CAU\/DF. \u201cO rascunho n\u00e3o conta com maiores informa\u00e7\u00f5es sobre dimens\u00f5es, propor\u00e7\u00f5es, cores, materiais, estruturas e solu\u00e7\u00f5es t\u00e9cnicas. Em suma: trata-se de um rabisco e n\u00e3o de um projeto\u201d, acrescenta o presidente do conselho, Daniel Mangabeira, na nota.<\/p>\n<p>&nbsp;<\/p>\n<p>O problema \u00e9 a reserva de mercado. Um projeto que leva a assinatura de Niemeyer n\u00e3o se submete a licita\u00e7\u00e3o p\u00fablica e ainda tem custo proporcional ao talento do mestre da arquitetura. \u201cGenialidade n\u00e3o \u00e9 heredit\u00e1ria e autoria \u00e9 determinada pelo CAU com Registro de Responsabilidade T\u00e9cnica\u201d, afirma o \u00f3rg\u00e3o. N\u00e3o \u00e9 o caso. N\u00e3o h\u00e1 qualquer registro.<\/p>\n<p>&nbsp;<\/p>\n<p>Segundo o presidente do CAU-DF, Daniel Mangabeira, provavelmente s\u00f3 dois brasileiros que viveram no s\u00e9culo XX ser\u00e3o lembrados na posteridade: Oscar Niemeyer e Pel\u00e9. Mas seus sucessores n\u00e3o podem marcar um gol ou assinar um projeto por eles. \u201cChegou a hora da comunidade se unir novamente em torno de uma ideia: a de que excepcional obra de Oscar Niemeyer, assim como a legend\u00e1ria carreira de Pel\u00e9 dentro dos campos possa ter enfim, um fim. Oscar Niemeyer n\u00e3o projeta mais\u201d, escreveu.<\/p>\n<p>&nbsp;<\/p>\n<p>Espa\u00e7o para 50 mil visitantes<br \/>\nEm outubro, o ent\u00e3o secret\u00e1rio de Cultura e Economia Criativa, Ad\u00e3o C\u00e2ndido, firmou termo de colabora\u00e7\u00e3o t\u00e9cnica entre a pasta e o Instituto Niemeyer, presidido por Paulo S\u00e9rgio Niemeyer, bisneto de Oscar Niemeyer. A parceria que vai at\u00e9 2023 prev\u00ea coopera\u00e7\u00e3o e interc\u00e2mbio entre o governo do DF e a entidade que representa o legado do arquiteto dos monumentos de Bras\u00edlia.<\/p>\n<p>&nbsp;<\/p>\n<p>Um dos objetivos \u00e9 a constru\u00e7\u00e3o do Memorial da B\u00edblia, desenhado para ocupar um espa\u00e7o no Eixo Monumental. A bancada evang\u00e9lica no Congresso \u00e9 a grande incentivadora da execu\u00e7\u00e3o da obra por meio de emendas parlamentares.<\/p>\n<p>&nbsp;<\/p>\n<p>O Memorial da B\u00edblia de Bras\u00edlia \u00e9 inspirado no Museu da B\u00edblia de Washington, nos Estados Unidos, e tem o formato de uma b\u00edblia. O objetivo \u00e9 ter um espa\u00e7o para receber 50 mil visitantes por ano, com audit\u00f3rio, salas de reuni\u00e3o e acervo, lojas e pra\u00e7a de alimenta\u00e7\u00e3o. Paulo Niemeyer diz que pedir uma retrata\u00e7\u00e3o. \u201cS\u00e3o arquitetos com falta de vis\u00e3o. Inveja. O projeto \u00e9 lindo\u201d, afirma o herdeiro de Niemeyer.<\/p>\n<p>&nbsp;<\/p>\n<p>O croqui de Oscar Niemeyer foi desenhado em 1987. Veja:<\/p>\n<p>&nbsp;<\/p>\n<figure id=\"attachment_17179\" aria-describedby=\"caption-attachment-17179\" style=\"width: 496px\" class=\"wp-caption alignnone\"><a href=\"https:\/\/blogs.correiobraziliense.com.br\/cbpoder\/wp-content\/uploads\/sites\/5\/2019\/12\/CBNFOT201220192348-e1576893787856.jpg\"><img loading=\"lazy\" decoding=\"async\" class=\"size-full wp-image-17179\" src=\"https:\/\/blogs.correiobraziliense.com.br\/cbpoder\/wp-content\/uploads\/sites\/5\/2019\/12\/CBNFOT201220192348-e1576893787856.jpg\" alt=\"Memorial da B\u00edblia\" width=\"496\" height=\"350\" \/><\/a><figcaption id=\"caption-attachment-17179\" class=\"wp-caption-text\">Cr\u00e9dito: Governo do DF\/Divulga\u00e7\u00e3o<\/figcaption><\/figure>\n","protected":false},"excerpt":{"rendered":"<p>ANA MARIA CAMPOS A pedido da comunidade evang\u00e9lica, o governador Ibaneis Rocha (MDB) promoveu nesta semana o lan\u00e7amento da pedra fundamental do Memorial da B\u00edblia do Brasil, no Setor Militar Urbano (SMU). O projeto do monumento \u00e9 atribu\u00eddo a Oscar Niemeyer. O desenho foi elaborado a partir de um esbo\u00e7o do arquiteto. &nbsp; Mas o Conselho de Arquitetura e Urbanismo [&hellip;]<\/p>\n","protected":false},"author":9,"featured_media":17178,"comment_status":"open","ping_status":"closed","sticky":false,"template":"","format":"standard","meta":{"footnotes":""},"categories":[234],"tags":[283,917,2047,699,2048],"class_list":["post-17177","post","type-post","status-publish","format-standard","has-post-thumbnail","hentry","category-cb-poder","tag-evangelicos","tag-ibaneis-rocha","tag-memorial-da-biblia","tag-oscar-niemeyer","tag-paulo-niemeyer"],"_links":{"self":[{"href":"https:\/\/blogs.correiobraziliense.com.br\/cbpoder\/wp-json\/wp\/v2\/posts\/17177","targetHints":{"allow":["GET"]}}],"collection":[{"href":"https:\/\/blogs.correiobraziliense.com.br\/cbpoder\/wp-json\/wp\/v2\/posts"}],"about":[{"href":"https:\/\/blogs.correiobraziliense.com.br\/cbpoder\/wp-json\/wp\/v2\/types\/post"}],"author":[{"embeddable":true,"href":"https:\/\/blogs.correiobraziliense.com.br\/cbpoder\/wp-json\/wp\/v2\/users\/9"}],"replies":[{"embeddable":true,"href":"https:\/\/blogs.correiobraziliense.com.br\/cbpoder\/wp-json\/wp\/v2\/comments?post=17177"}],"version-history":[{"count":1,"href":"https:\/\/blogs.correiobraziliense.com.br\/cbpoder\/wp-json\/wp\/v2\/posts\/17177\/revisions"}],"predecessor-version":[{"id":17180,"href":"https:\/\/blogs.correiobraziliense.com.br\/cbpoder\/wp-json\/wp\/v2\/posts\/17177\/revisions\/17180"}],"wp:featuredmedia":[{"embeddable":true,"href":"https:\/\/blogs.correiobraziliense.com.br\/cbpoder\/wp-json\/wp\/v2\/media\/17178"}],"wp:attachment":[{"href":"https:\/\/blogs.correiobraziliense.com.br\/cbpoder\/wp-json\/wp\/v2\/media?parent=17177"}],"wp:term":[{"taxonomy":"category","embeddable":true,"href":"https:\/\/blogs.correiobraziliense.com.br\/cbpoder\/wp-json\/wp\/v2\/categories?post=17177"},{"taxonomy":"post_tag","embeddable":true,"href":"https:\/\/blogs.correiobraziliense.com.br\/cbpoder\/wp-json\/wp\/v2\/tags?post=17177"}],"curies":[{"name":"wp","href":"https:\/\/api.w.org\/{rel}","templated":true}]}}