{"id":17162,"date":"2019-12-18T17:16:13","date_gmt":"2019-12-18T20:16:13","guid":{"rendered":"https:\/\/blogs.correiobraziliense.com.br\/cbpoder\/?p=17162"},"modified":"2019-12-18T17:23:53","modified_gmt":"2019-12-18T20:23:53","slug":"agnelo-e-filippelli-sao-alvo-de-acao-de-improbidade-do-mpdft","status":"publish","type":"post","link":"https:\/\/blogs.correiobraziliense.com.br\/cbpoder\/agnelo-e-filippelli-sao-alvo-de-acao-de-improbidade-do-mpdft\/","title":{"rendered":"Agnelo e Filippelli s\u00e3o alvo de a\u00e7\u00e3o de improbidade do MPDFT"},"content":{"rendered":"<p>O Minist\u00e9rio P\u00fablico do Distrito Federal e Territ\u00f3rios (MPDFT) ajuizou duas a\u00e7\u00f5es de improbidade administrativa contra o ex-governador Agnelo Queiroz (PT), o ex-vice-governador Tadeu Filippelli (MDB) e mais sete pessoas por irregularidades nas obras do Est\u00e1dio Nacional Man\u00e9 Garrincha. Agnelo e Fillippelli s\u00e3o acusados pelo MP de enriquecimento il\u00edcito, al\u00e9m de danos causados ao patrim\u00f4nio p\u00fablico.<\/p>\n<p>Segundo a a\u00e7\u00e3o da Promotoria de Justi\u00e7a de Defesa do Patrim\u00f4nio P\u00fablico e Social (Prodep), \u201cforam solicitados e pagos valores indevidos a t\u00edtulo de vantagens e agregadas despesas il\u00edcitas nos custos da obra, violando os princ\u00edpios e deveres de impessoalidade, lealdade e moralidade administrativa\u201d.<\/p>\n<p>A a\u00e7\u00e3o narra que, para a constru\u00e7\u00e3o dos est\u00e1dios para a Copa do Mundo de 2014 e para a Copa das Confedera\u00e7\u00f5es de 2013, v\u00e1rias empresas de engenharia formaram um cartel para dividir a execu\u00e7\u00e3o das obras, de maneira irregular.<\/p>\n<p>Com isso, as provas, de acordo com o MP, demonstram que houve atos il\u00edcitos desde o projeto inicial do est\u00e1dio at\u00e9 a fase de suplementa\u00e7\u00e3o do contrato, com promessas e pagamento de propinas.<\/p>\n<p>\u201cEsses acordos il\u00edcitos contaram, no Distrito Federal, com a interven\u00e7\u00e3o e participa\u00e7\u00e3o de agentes p\u00fablicos, que se envolveram i) na indica\u00e7\u00e3o de empresa local para alinhar-se \u00e0s componentes do cartel, ii) na constru\u00e7\u00e3o partilhada,com as empresas, dos termos do edital da futura licita\u00e7\u00e3o e iii) na solicita\u00e7\u00e3o e recebimento de propinas\u201d, diz trecho da a\u00e7\u00e3o.<\/p>\n<p>Segundo a acusa\u00e7\u00e3o do Minist\u00e9rio P\u00fablico, no DF, as irregularidades envolveram s construtoras Andrade Gutierrez e Via Engenharia, al\u00e9m dos agentes p\u00fablicos. Agnelo e Filippelli, de acordo com os promotores, influenciaram diretamente o destino das contra\u00e7\u00f5es p\u00fablicas locais, ap\u00f3s assumir o GDF.<\/p>\n<p>\u201cCom poderes para interferir na din\u00e2mica do contrato de edifica\u00e7\u00e3o do est\u00e1dio, Agnelo e Filipelli solicitaram e receberam vantagens indevidas dessas empresas consorciadas\u201d, diz a a\u00e7\u00e3o.<\/p>\n<p>As a\u00e7\u00f5es foram embasadas a partir dos acordos de leni\u00eancia com executivos da Andrade Gutierrez e do levantamento de provas ao longa da investiga\u00e7\u00e3o.<\/p>\n<p>Ao todo, em uma das a\u00e7\u00f5es o MP pede condena\u00e7\u00e3o no valor de R$ 100 milh\u00f5es. Na outra a\u00e7\u00e3o, aju\u00edzada contra servidores p\u00fablicos, engenheiros e a VIA Engenharia, o MP estima o valor de R$ 220 milh\u00f5es \u00e0 causa.<\/p>\n<p>Filippelli afirmou que n\u00e3o comentaria o caso porque n\u00e3o teve informa\u00e7\u00e3o sobre a a\u00e7\u00e3o. O <strong>Correio<\/strong> tenta contato com as defesas dos outros citados.<\/p>\n","protected":false},"excerpt":{"rendered":"<p>O Minist\u00e9rio P\u00fablico do Distrito Federal e Territ\u00f3rios (MPDFT) ajuizou duas a\u00e7\u00f5es de improbidade administrativa contra o ex-governador Agnelo Queiroz (PT), o ex-vice-governador Tadeu Filippelli (MDB) e mais sete pessoas por irregularidades nas obras do Est\u00e1dio Nacional Man\u00e9 Garrincha. Agnelo e Fillippelli s\u00e3o acusados pelo MP de enriquecimento il\u00edcito, al\u00e9m de danos causados ao patrim\u00f4nio p\u00fablico. Segundo a a\u00e7\u00e3o da [&hellip;]<\/p>\n","protected":false},"author":75,"featured_media":8094,"comment_status":"open","ping_status":"closed","sticky":false,"template":"","format":"standard","meta":{"footnotes":""},"categories":[6],"tags":[],"class_list":["post-17162","post","type-post","status-publish","format-standard","has-post-thumbnail","hentry","category-noticias"],"_links":{"self":[{"href":"https:\/\/blogs.correiobraziliense.com.br\/cbpoder\/wp-json\/wp\/v2\/posts\/17162","targetHints":{"allow":["GET"]}}],"collection":[{"href":"https:\/\/blogs.correiobraziliense.com.br\/cbpoder\/wp-json\/wp\/v2\/posts"}],"about":[{"href":"https:\/\/blogs.correiobraziliense.com.br\/cbpoder\/wp-json\/wp\/v2\/types\/post"}],"author":[{"embeddable":true,"href":"https:\/\/blogs.correiobraziliense.com.br\/cbpoder\/wp-json\/wp\/v2\/users\/75"}],"replies":[{"embeddable":true,"href":"https:\/\/blogs.correiobraziliense.com.br\/cbpoder\/wp-json\/wp\/v2\/comments?post=17162"}],"version-history":[{"count":4,"href":"https:\/\/blogs.correiobraziliense.com.br\/cbpoder\/wp-json\/wp\/v2\/posts\/17162\/revisions"}],"predecessor-version":[{"id":17166,"href":"https:\/\/blogs.correiobraziliense.com.br\/cbpoder\/wp-json\/wp\/v2\/posts\/17162\/revisions\/17166"}],"wp:featuredmedia":[{"embeddable":true,"href":"https:\/\/blogs.correiobraziliense.com.br\/cbpoder\/wp-json\/wp\/v2\/media\/8094"}],"wp:attachment":[{"href":"https:\/\/blogs.correiobraziliense.com.br\/cbpoder\/wp-json\/wp\/v2\/media?parent=17162"}],"wp:term":[{"taxonomy":"category","embeddable":true,"href":"https:\/\/blogs.correiobraziliense.com.br\/cbpoder\/wp-json\/wp\/v2\/categories?post=17162"},{"taxonomy":"post_tag","embeddable":true,"href":"https:\/\/blogs.correiobraziliense.com.br\/cbpoder\/wp-json\/wp\/v2\/tags?post=17162"}],"curies":[{"name":"wp","href":"https:\/\/api.w.org\/{rel}","templated":true}]}}