{"id":17101,"date":"2019-12-12T18:19:53","date_gmt":"2019-12-12T21:19:53","guid":{"rendered":"https:\/\/blogs.correiobraziliense.com.br\/cbpoder\/?p=17101"},"modified":"2019-12-12T18:19:53","modified_gmt":"2019-12-12T21:19:53","slug":"cpi-do-feminicidio-claudio-abrantes-pdt-e-eleito-presidente","status":"publish","type":"post","link":"https:\/\/blogs.correiobraziliense.com.br\/cbpoder\/cpi-do-feminicidio-claudio-abrantes-pdt-e-eleito-presidente\/","title":{"rendered":"CPI do Feminic\u00eddio: Cl\u00e1udio Abrantes (PDT) \u00e9 eleito presidente"},"content":{"rendered":"<h4>AGATHA GONZAGA<\/h4>\n<p>O deputado distrital Cl\u00e1udio Abrantes (PDT) foi eleito presidente da CPI do Feminic\u00eddio nesta quinta-feira (12\/12). A vaga estava aberta desde a sa\u00edda de Telma Rufino (Pros) da Casa com o retorno de Fernando Fernandes (Pros), de quem Telma era suplente.<\/p>\n<p>\u201cVamos seguir conduzindo os trabalhos com toda a dedica\u00e7\u00e3o e celeridade necess\u00e1rias, a fim de entender melhor esse mal, que \u00e9 o feminic\u00eddio, e desenvolvermos as pol\u00edticas p\u00fablicas mais efetivas nessa luta\u201d, afirmou Abrantes.<\/p>\n<p>Na reuni\u00e3o de hoje, ficou definido que\u00a0F\u00e1bio F\u00e9lix (PSOL) continua como relator e Arlete Sampaio (PT) assume a vice-presid\u00eancia.\u00a0Participam ainda os deputados Eduardo Pedrosa (PTC) e J\u00falia Lucy (Novo).<\/p>\n<p>Al\u00e9m da elei\u00e7\u00e3o de Abrantes, a CPI recebeu, nesta quinta, a secretaria da Mulher do DF, Ericka Filippelli. Com rela\u00e7\u00e3o \u00e0 falta de pessoal atuando diretamente em combate a esse tipo de viol\u00eancia, a secretaria afirmou que em 2020, pr\u00f3ximo a mar\u00e7o, um novo concurso deve ser realizado.<\/p>\n<p>A comiss\u00e3o deve convocar outros respons\u00e1veis de \u00f3rg\u00e3os para analisar a melhor a situa\u00e7\u00e3o de prote\u00e7\u00e3o \u00e0 mulher no DF. Durante o recesso parlamentar, entre janeiro e fevereiro, os deputados tamb\u00e9m planejam visitar delegacias e outros \u00f3rg\u00e3os.<\/p>\n","protected":false},"excerpt":{"rendered":"<p>AGATHA GONZAGA O deputado distrital Cl\u00e1udio Abrantes (PDT) foi eleito presidente da CPI do Feminic\u00eddio nesta quinta-feira (12\/12). A vaga estava aberta desde a sa\u00edda de Telma Rufino (Pros) da Casa com o retorno de Fernando Fernandes (Pros), de quem Telma era suplente. \u201cVamos seguir conduzindo os trabalhos com toda a dedica\u00e7\u00e3o e celeridade necess\u00e1rias, a fim de entender melhor [&hellip;]<\/p>\n","protected":false},"author":118,"featured_media":15385,"comment_status":"open","ping_status":"closed","sticky":false,"template":"","format":"standard","meta":{"footnotes":""},"categories":[6],"tags":[70,1810],"class_list":["post-17101","post","type-post","status-publish","format-standard","has-post-thumbnail","hentry","category-noticias","tag-camara-legislativa","tag-feminicidio"],"_links":{"self":[{"href":"https:\/\/blogs.correiobraziliense.com.br\/cbpoder\/wp-json\/wp\/v2\/posts\/17101","targetHints":{"allow":["GET"]}}],"collection":[{"href":"https:\/\/blogs.correiobraziliense.com.br\/cbpoder\/wp-json\/wp\/v2\/posts"}],"about":[{"href":"https:\/\/blogs.correiobraziliense.com.br\/cbpoder\/wp-json\/wp\/v2\/types\/post"}],"author":[{"embeddable":true,"href":"https:\/\/blogs.correiobraziliense.com.br\/cbpoder\/wp-json\/wp\/v2\/users\/118"}],"replies":[{"embeddable":true,"href":"https:\/\/blogs.correiobraziliense.com.br\/cbpoder\/wp-json\/wp\/v2\/comments?post=17101"}],"version-history":[{"count":1,"href":"https:\/\/blogs.correiobraziliense.com.br\/cbpoder\/wp-json\/wp\/v2\/posts\/17101\/revisions"}],"predecessor-version":[{"id":17102,"href":"https:\/\/blogs.correiobraziliense.com.br\/cbpoder\/wp-json\/wp\/v2\/posts\/17101\/revisions\/17102"}],"wp:featuredmedia":[{"embeddable":true,"href":"https:\/\/blogs.correiobraziliense.com.br\/cbpoder\/wp-json\/wp\/v2\/media\/15385"}],"wp:attachment":[{"href":"https:\/\/blogs.correiobraziliense.com.br\/cbpoder\/wp-json\/wp\/v2\/media?parent=17101"}],"wp:term":[{"taxonomy":"category","embeddable":true,"href":"https:\/\/blogs.correiobraziliense.com.br\/cbpoder\/wp-json\/wp\/v2\/categories?post=17101"},{"taxonomy":"post_tag","embeddable":true,"href":"https:\/\/blogs.correiobraziliense.com.br\/cbpoder\/wp-json\/wp\/v2\/tags?post=17101"}],"curies":[{"name":"wp","href":"https:\/\/api.w.org\/{rel}","templated":true}]}}