{"id":17091,"date":"2019-12-12T08:03:45","date_gmt":"2019-12-12T11:03:45","guid":{"rendered":"https:\/\/blogs.correiobraziliense.com.br\/cbpoder\/?p=17091"},"modified":"2019-12-12T10:25:31","modified_gmt":"2019-12-12T13:25:31","slug":"pastor-deputado-federal-explicacoes-netflix-especial-do-porta-dos-fundos","status":"publish","type":"post","link":"https:\/\/blogs.correiobraziliense.com.br\/cbpoder\/pastor-deputado-federal-explicacoes-netflix-especial-do-porta-dos-fundos\/","title":{"rendered":"Pastor, deputado federal do DF pede explica\u00e7\u00f5es da Netflix sobre especial do Porta dos Fundos"},"content":{"rendered":"<h6><strong>Coluna Eixo Capital\/Por Alexandre de Paula<\/strong><\/h6>\n<p><strong>Pastor<\/strong> e <strong>deputado federal<\/strong> do DF, <strong>Julio Cesar Ribeiro<\/strong> (Republicanos) ficou indignado com o especial de <strong>Natal<\/strong> do grupo <strong>Porta dos Fundos<\/strong>, lan\u00e7ado na plataforma de <em>streaming<\/em> <strong>Netflix<\/strong>. No enredo da produ\u00e7\u00e3o, Jesus Cristo (<strong>Greg\u00f3rio Duvivier<\/strong>) cai em tenta\u00e7\u00e3o e vive um romance gay com o diabo (<strong>F\u00e1bio Porchat<\/strong>).O parlamentar cancelou a assinatura do servi\u00e7o e apresentou requerimento na <strong>C\u00e2mara dos Deputados<\/strong> para que a Netflix se pronuncie sobre o tema. \u201cO filme \u00e9 uma verdadeira afronta aos valores crist\u00e3os, ultraja \u00e0 f\u00e9 e a figura de Jesus Cristo e dos disc\u00edpulos\u201d, afirmou.<\/p>\n<blockquote class=\"twitter-tweet\" data-width=\"550\" data-dnt=\"true\">\n<p lang=\"pt\" dir=\"ltr\">Se voc\u00ea tamb\u00e9m concorda que \u00e9 um absurdo, compartilhe esse v\u00eddeo. .<br \/>.<br \/>.<a href=\"https:\/\/twitter.com\/hashtag\/netflix?src=hash&amp;ref_src=twsrc%5Etfw\">#netflix<\/a> <a href=\"https:\/\/twitter.com\/hashtag\/brasil?src=hash&amp;ref_src=twsrc%5Etfw\">#brasil<\/a> <a href=\"https:\/\/twitter.com\/hashtag\/respeito?src=hash&amp;ref_src=twsrc%5Etfw\">#respeito<\/a> Julio Cesar Ribeiro Julio Cesar <a href=\"https:\/\/twitter.com\/hashtag\/brasilia?src=hash&amp;ref_src=twsrc%5Etfw\">#brasilia<\/a> <a href=\"https:\/\/twitter.com\/hashtag\/df?src=hash&amp;ref_src=twsrc%5Etfw\">#df<\/a> <a href=\"https:\/\/twitter.com\/hashtag\/absurdo?src=hash&amp;ref_src=twsrc%5Etfw\">#absurdo<\/a> <a href=\"https:\/\/t.co\/WiklWEpc7G\">pic.twitter.com\/WiklWEpc7G<\/a><\/p>\n<p>&mdash; Julio Cesar Ribeiro (@JulioCesarRib) <a href=\"https:\/\/twitter.com\/JulioCesarRib\/status\/1204209379995791361?ref_src=twsrc%5Etfw\">December 10, 2019<\/a><\/p><\/blockquote>\n<p><script async src=\"https:\/\/platform.twitter.com\/widgets.js\" charset=\"utf-8\"><\/script><\/p>\n<h2><strong>Respostas<\/strong><\/h2>\n<p>Nas redes sociais, o assunto rendeu. Outros pol\u00edticos, como o deputado federal <strong>Eduardo Bolsonaro<\/strong> (PSL-SP), criticaram o v\u00eddeo. O ator <strong>F\u00e1bio Porchat<\/strong> se posicionou no Twitter: \u201cGente, pode deixar que eu me resolvo com Deus. T\u00e1 de boas. N\u00e3o precisa se preocupar, n\u00e3o. Agora pode voltar a se indignar com a desigualdade que destr\u00f3i nosso pa\u00eds. Mas tem que se indignar com o mesmo fervor, t\u00e1?\u201d, escreveu. O especial de Natal do grupo de 2018 ganhou o Emmy \u2014 um dos principais pr\u00eamios da televis\u00e3o \u2014 de melhor com\u00e9dia.<\/p>\n<blockquote class=\"twitter-tweet\" data-width=\"550\" data-dnt=\"true\">\n<p lang=\"pt\" dir=\"ltr\">Gente, pode deixar que eu me resolvo com Deus, t\u00e1 de boas, n\u00e3o precisa se preocupar n\u00e3o. Agora pode voltar a se indignar com a desigualdade que destr\u00f3i nosso pa\u00eds. Mas tem que se indignar com o mesmo fervor, t\u00e1? \u2764\ufe0f<\/p>\n<p>&mdash; Fabio Porchat (@FabioPorchat) <a href=\"https:\/\/twitter.com\/FabioPorchat\/status\/1204859190268878848?ref_src=twsrc%5Etfw\">December 11, 2019<\/a><\/p><\/blockquote>\n<p><script async src=\"https:\/\/platform.twitter.com\/widgets.js\" charset=\"utf-8\"><\/script><\/p>\n","protected":false},"excerpt":{"rendered":"<p>Coluna Eixo Capital\/Por Alexandre de Paula Pastor e deputado federal do DF, Julio Cesar Ribeiro (Republicanos) ficou indignado com o especial de Natal do grupo Porta dos Fundos, lan\u00e7ado na plataforma de streaming Netflix. No enredo da produ\u00e7\u00e3o, Jesus Cristo (Greg\u00f3rio Duvivier) cai em tenta\u00e7\u00e3o e vive um romance gay com o diabo (F\u00e1bio Porchat).O parlamentar cancelou a assinatura do [&hellip;]<\/p>\n","protected":false},"author":75,"featured_media":17094,"comment_status":"open","ping_status":"closed","sticky":false,"template":"","format":"standard","meta":{"footnotes":""},"categories":[234],"tags":[2039,2040,2037,2041,2038],"class_list":["post-17091","post","type-post","status-publish","format-standard","has-post-thumbnail","hentry","category-cb-poder","tag-fabio-porchat","tag-gregorio-duvivier","tag-julio-cesar-ribeiro","tag-netflix","tag-porta-dos-fundos"],"_links":{"self":[{"href":"https:\/\/blogs.correiobraziliense.com.br\/cbpoder\/wp-json\/wp\/v2\/posts\/17091","targetHints":{"allow":["GET"]}}],"collection":[{"href":"https:\/\/blogs.correiobraziliense.com.br\/cbpoder\/wp-json\/wp\/v2\/posts"}],"about":[{"href":"https:\/\/blogs.correiobraziliense.com.br\/cbpoder\/wp-json\/wp\/v2\/types\/post"}],"author":[{"embeddable":true,"href":"https:\/\/blogs.correiobraziliense.com.br\/cbpoder\/wp-json\/wp\/v2\/users\/75"}],"replies":[{"embeddable":true,"href":"https:\/\/blogs.correiobraziliense.com.br\/cbpoder\/wp-json\/wp\/v2\/comments?post=17091"}],"version-history":[{"count":2,"href":"https:\/\/blogs.correiobraziliense.com.br\/cbpoder\/wp-json\/wp\/v2\/posts\/17091\/revisions"}],"predecessor-version":[{"id":17097,"href":"https:\/\/blogs.correiobraziliense.com.br\/cbpoder\/wp-json\/wp\/v2\/posts\/17091\/revisions\/17097"}],"wp:featuredmedia":[{"embeddable":true,"href":"https:\/\/blogs.correiobraziliense.com.br\/cbpoder\/wp-json\/wp\/v2\/media\/17094"}],"wp:attachment":[{"href":"https:\/\/blogs.correiobraziliense.com.br\/cbpoder\/wp-json\/wp\/v2\/media?parent=17091"}],"wp:term":[{"taxonomy":"category","embeddable":true,"href":"https:\/\/blogs.correiobraziliense.com.br\/cbpoder\/wp-json\/wp\/v2\/categories?post=17091"},{"taxonomy":"post_tag","embeddable":true,"href":"https:\/\/blogs.correiobraziliense.com.br\/cbpoder\/wp-json\/wp\/v2\/tags?post=17091"}],"curies":[{"name":"wp","href":"https:\/\/api.w.org\/{rel}","templated":true}]}}