{"id":17038,"date":"2019-12-06T11:07:56","date_gmt":"2019-12-06T14:07:56","guid":{"rendered":"https:\/\/blogs.correiobraziliense.com.br\/cbpoder\/?p=17038"},"modified":"2019-12-06T11:07:56","modified_gmt":"2019-12-06T14:07:56","slug":"gdf-libera-r-100-milhoes-em-emendas-parlamentares","status":"publish","type":"post","link":"https:\/\/blogs.correiobraziliense.com.br\/cbpoder\/gdf-libera-r-100-milhoes-em-emendas-parlamentares\/","title":{"rendered":"GDF libera R$ 100 milh\u00f5es em emendas parlamentares"},"content":{"rendered":"<h6><strong>Coluna Eixo Capital\/Por Alexandre de Paula<\/strong><\/h6>\n<p>\u00c0s v\u00e9speras do fim do ano legislativo, o GDF liquidou R$ 100,8 milh\u00f5es em emendas parlamentares de deputados distritais. O or\u00e7amento para este ano previa R$ 448 milh\u00f5es para esse fim. No ano passado, foram liquidados R$ 197,2 milh\u00f5es. As emendas s\u00e3o uma das formas de o governo articular apoio na Casa. Na pr\u00f3xima semana \u2014 a \u00faltima antes do recesso \u2014, projetos priorit\u00e1rios para o Executivo devem entrar em discuss\u00e3o e a libera\u00e7\u00e3o de mais emendas pode facilitar a negocia\u00e7\u00e3o.<\/p>\n<h2>\n<strong>Encontro com o papa<\/strong><\/h2>\n<p>O governador Ibaneis Rocha (MDB) embarcou ontem para o Vaticano. <a href=\"https:\/\/blogs.correiobraziliense.com.br\/cbpoder\/ibaneis-viaja-para-o-vaticano-e-tera-encontro-com-o-papa-francisco\/\">Ele fica fora do pa\u00eds at\u00e9 13 de dezembro e deve se encontrar com o papa Francisco no dia 12,<\/a> v\u00e9spera da a volta para o Brasil. Ibaneis viajou com a mulher, Mayara Noronha, e o filho do casal, Mateus, que ser\u00e1 batizado l\u00e1. O casal oficializou a uni\u00e3o na semana passada. O governador arcar\u00e1 com todos os custos da viagem.<\/p>\n<h2>\n<strong>Proposta finalizada<\/strong><\/h2>\n<p>A proposta de reforma tribut\u00e1ria distrital, produzida a partir de audi\u00eancias p\u00fablicas organizadas pelo deputado Rodrigo Delmasso (Republicanos), foi entregue \u00e0 equipe econ\u00f4mica do GDF. O texto \u00e9 focado em tr\u00eas eixos: desburocratiza\u00e7\u00e3o, seguran\u00e7a jur\u00eddica e redu\u00e7\u00e3o e equipara\u00e7\u00e3o das al\u00edquotas com unidades da Federa\u00e7\u00e3o vizinhas. A ideia \u00e9 que as mudan\u00e7as promovam redu\u00e7\u00e3o do desemprego e aquecimento da economia. Atualmente, h\u00e1 mais de 300 mil pessoas sem trabalho no DF.<\/p>\n<h2>\n<strong>Santa Luzia<\/strong><\/h2>\n<p>Uma audi\u00eancia p\u00fablica na C\u00e2mara Legislativa discutiu a situa\u00e7\u00e3o de moradores de Santa Luzia, na Estrutural. A popula\u00e7\u00e3o reclama de problemas com o fornecimento de \u00e1gua e energia. Participaram do debate os distritais Arlete Sampaio (PT), Chico Vigilante (PT), F\u00e1bio F\u00e9lix (PSol), Leandro Grass (Rede) e o presidente Companhia Habitacional do DF (Codhab), Wellington Luiz. Um grupo de trabalho, com participa\u00e7\u00e3o da C\u00e2mara, do GDF, da UnB e do Judici\u00e1rio, ser\u00e1 montado para buscar solu\u00e7\u00f5es para o problema.<\/p>\n<h2>\n<strong>Fonte religada<\/strong><\/h2>\n<p>Desligada desde maio, a fonte luminosa da Torre de TV voltou a funcionar ontem. Foram gastos R$ 150 mil na recupera\u00e7\u00e3o.<\/p>\n<h2><strong>Efetivado<\/strong><\/h2>\n<p>No cargo como interino desde a sa\u00edda de Rafael Parente, Jo\u00e3o Pedro Ferraz foi oficializado ontem como secret\u00e1rio de Educa\u00e7\u00e3o do DF. Para isso, ele foi exonerado da Secretaria de Trabalho, que passa a ser comandada, por enquanto, pelo at\u00e9 ent\u00e3o secret\u00e1rio adjunto Ivan Alves dos Santos. Ferraz \u00e9 um dos homens de confian\u00e7a de Ibaneis Rocha, de quem \u00e9 amigo h\u00e1 anos.<\/p>\n<h2>\n<strong><em>S\u00f3 papos<\/em><\/strong><\/h2>\n<blockquote><p>\n<em>\u201cQueria continuar presidente. N\u00e3o d\u00e1 para dar um golpe, n\u00e3o? Tudo, quando eles perdem, dizemque \u00e9 golpe.\u201d<\/em><\/p><\/blockquote>\n<p style=\"text-align: right\"><strong>Jair Bolsonaro, presidente da Rep\u00fablica, em C\u00fapula do Mercosul<\/strong><\/p>\n<blockquote><p><em>\u201cQue tipo de presidente zomba da Democracia? De \u201cpiada\u201d em \u201cpiada\u201d, o governo Bolsonaro j\u00e1 invocou o AI-5 e exaltou torturadores. E agora, no Mercosul, foi contar mais uma \u201cpiada\u201d rid\u00edcula que mais traduz seus anseios autorit\u00e1rios. Vexame\u2026\u201d<\/em><\/p><\/blockquote>\n<p style=\"text-align: right\"><strong>Randolfe Rodrigues (Rede-AP)<\/strong><\/p>\n","protected":false},"excerpt":{"rendered":"<p>Coluna Eixo Capital\/Por Alexandre de Paula \u00c0s v\u00e9speras do fim do ano legislativo, o GDF liquidou R$ 100,8 milh\u00f5es em emendas parlamentares de deputados distritais. O or\u00e7amento para este ano previa R$ 448 milh\u00f5es para esse fim. No ano passado, foram liquidados R$ 197,2 milh\u00f5es. As emendas s\u00e3o uma das formas de o governo articular apoio na Casa. Na pr\u00f3xima [&hellip;]<\/p>\n","protected":false},"author":75,"featured_media":17040,"comment_status":"open","ping_status":"closed","sticky":false,"template":"","format":"standard","meta":{"footnotes":""},"categories":[234],"tags":[70,2021,16,917],"class_list":["post-17038","post","type-post","status-publish","format-standard","has-post-thumbnail","hentry","category-cb-poder","tag-camara-legislativa","tag-emendas","tag-gdf","tag-ibaneis-rocha"],"_links":{"self":[{"href":"https:\/\/blogs.correiobraziliense.com.br\/cbpoder\/wp-json\/wp\/v2\/posts\/17038","targetHints":{"allow":["GET"]}}],"collection":[{"href":"https:\/\/blogs.correiobraziliense.com.br\/cbpoder\/wp-json\/wp\/v2\/posts"}],"about":[{"href":"https:\/\/blogs.correiobraziliense.com.br\/cbpoder\/wp-json\/wp\/v2\/types\/post"}],"author":[{"embeddable":true,"href":"https:\/\/blogs.correiobraziliense.com.br\/cbpoder\/wp-json\/wp\/v2\/users\/75"}],"replies":[{"embeddable":true,"href":"https:\/\/blogs.correiobraziliense.com.br\/cbpoder\/wp-json\/wp\/v2\/comments?post=17038"}],"version-history":[{"count":1,"href":"https:\/\/blogs.correiobraziliense.com.br\/cbpoder\/wp-json\/wp\/v2\/posts\/17038\/revisions"}],"predecessor-version":[{"id":17041,"href":"https:\/\/blogs.correiobraziliense.com.br\/cbpoder\/wp-json\/wp\/v2\/posts\/17038\/revisions\/17041"}],"wp:featuredmedia":[{"embeddable":true,"href":"https:\/\/blogs.correiobraziliense.com.br\/cbpoder\/wp-json\/wp\/v2\/media\/17040"}],"wp:attachment":[{"href":"https:\/\/blogs.correiobraziliense.com.br\/cbpoder\/wp-json\/wp\/v2\/media?parent=17038"}],"wp:term":[{"taxonomy":"category","embeddable":true,"href":"https:\/\/blogs.correiobraziliense.com.br\/cbpoder\/wp-json\/wp\/v2\/categories?post=17038"},{"taxonomy":"post_tag","embeddable":true,"href":"https:\/\/blogs.correiobraziliense.com.br\/cbpoder\/wp-json\/wp\/v2\/tags?post=17038"}],"curies":[{"name":"wp","href":"https:\/\/api.w.org\/{rel}","templated":true}]}}