{"id":17000,"date":"2019-12-02T07:44:36","date_gmt":"2019-12-02T10:44:36","guid":{"rendered":"https:\/\/blogs.correiobraziliense.com.br\/cbpoder\/?p=17000"},"modified":"2019-12-02T07:55:02","modified_gmt":"2019-12-02T10:55:02","slug":"acusado-de-atrapalhar-investigacao-ex-presidente-do-stj-colocou-arruda-na-prisao-pelo-mesmo-motivo","status":"publish","type":"post","link":"https:\/\/blogs.correiobraziliense.com.br\/cbpoder\/acusado-de-atrapalhar-investigacao-ex-presidente-do-stj-colocou-arruda-na-prisao-pelo-mesmo-motivo\/","title":{"rendered":"Acusado de atrapalhar investiga\u00e7\u00e3o, ex-presidente do STJ colocou Arruda na pris\u00e3o pelo mesmo motivo"},"content":{"rendered":"<h6><strong>Coluna Eixo Capital\/Por Ana Maria Campos<\/strong><\/h6>\n<p>N\u00e3o deixa de ser uma ironia do destino ou da pol\u00edtica. Dez anos depois da Opera\u00e7\u00e3o Caixa de Pandora, o ex-presidente do Superior Tribunal de Justi\u00e7a (STJ) C\u00e9sar Asfor Rocha foi alvo de busca e apreens\u00e3o na Opera\u00e7\u00e3o Appius. A investiga\u00e7\u00e3o \u00e9 centrada em dela\u00e7\u00e3o do ex-ministro Ant\u00f4nio Palocci Filho, que apontou pagamento de propina para agentes p\u00fablicos para que a Opera\u00e7\u00e3o Castelo de Areia, realizada em 2009, fosse anulada.<\/p>\n<p>Asfor Rocha era presidente do STJ quando a Corte Especial decretou a pris\u00e3o do ent\u00e3o governador Jos\u00e9 Roberto Arruda. Ele convocou uma sess\u00e3o extraordin\u00e1ria para julgar o pedido de pris\u00e3o sob a suspeita de que Arruda estava atrapalhando a investiga\u00e7\u00e3o da Pandora. Foi justamente o motivo da busca e apreens\u00e3o realizada agora nos escrit\u00f3rios de advocacia de Asfor Rocha.<\/p>\n<h2><strong>Cerim\u00f4nia \u00edntima<\/strong><\/h2>\n<p>A lista de convidados do casamento do governador Ibaneis Rocha (MDB) com a advogada Mayara Noronha foi restrita aos amigos mais chegados. Entre os poucos integrantes do governo que acompanharam a cerim\u00f4nia, estavam os secret\u00e1rios de Governo, Jos\u00e9 Humberto Pires, e da Casa Civil, Valdet\u00e1rio Monteiro. O casal, que tem um beb\u00ea, Mateus, de um ano, vive junto h\u00e1 dois anos. Mas Ibaneis quis oficializar a uni\u00e3o, <a href=\"https:\/\/blogs.correiobraziliense.com.br\/cbpoder\/ibaneis-oficializa-uniao-com-mayara-noronha\/\">o que ocorreu na noite de sexta-feira<\/a>, na casa em que os dois moram, <a href=\"https:\/\/blogs.correiobraziliense.com.br\/cbpoder\/ibaneis-aviao-mansao-lago-sul\/\">rec\u00e9m-comprada pelo governador<\/a>, numa ch\u00e1cara na QI 5 do Lago Sul.<\/p>\n<h2><strong>Rem\u00e9dio amargo<\/strong><\/h2>\n<p>O presidente do Sindilegis, Petrus Elesb\u00e3o, afirma que os trabalhadores do setor p\u00fablico foram transformados pelo governo Bolsonaro nos grandes vil\u00f5es do pa\u00eds. \u201cParece que tudo de ruim que acontece no Brasil, os culpados s\u00e3o os servidores\u201d, diz ele. \u201cN\u00e3o \u00e9 que sejamos radicalmente contra certos ajustes na m\u00e1quina p\u00fablica. Alguma coisa tem que ser feita. Como tamb\u00e9m pensamos que o governo precisa apertar o cerco contra empres\u00e1rios maus pagadores, aqueles que devem bilh\u00f5es aos cofres p\u00fablicos\u201d.<\/p>\n<p>Argumentou tamb\u00e9m que a nova previd\u00eancia, rec\u00e9m-aprovada, estrangula direitos adquiridos dos trabalhadores brasileiros. \u201cE ainda vem a\u00ed a tal reforma administrativa. Outro &#8216;garrote vil&#8217; na garganta de todos n\u00f3s. E tudo sem di\u00e1logo, a toque de caixa. O rem\u00e9dio est\u00e1 sendo amargo demais\u201d, reclama o sindicalista.<\/p>\n<h2><strong>Buscando experi\u00eancias bem-sucedidas<\/strong><\/h2>\n<p>Presidente da Comiss\u00e3o Externa de Combate \u00e0 Viol\u00eancia contra a Mulher e Feminic\u00eddio, a deputada Fl\u00e1via Arruda (PL-DF) viaja amanh\u00e3 a S\u00e3o Paulo para uma visita t\u00e9cnica. O objetivo \u00e9 conhecer como as pol\u00edticas p\u00fablicas relacionadas ao tema est\u00e3o funcionando, quais as boas pr\u00e1ticas e dificuldades tanto na den\u00fancia, como no apoio \u00e0 v\u00edtima, preven\u00e7\u00e3o e acompanhamento dos casos. Pela manh\u00e3, ela participa de um debate no plen\u00e1rio da Assembleia Legislativa de S\u00e3o Paulo, com especialistas, policiais, promotores de Justi\u00e7a e defensores p\u00fablicos.<\/p>\n<h2><strong>Festival do Ch\u00e1<\/strong><\/h2>\n<p>Bras\u00edlia vai sediar, nesta semana, um festival internacional de ch\u00e1s. A segunda bebida mais consumida no mundo, depois da \u00e1gua, ser\u00e1 apresentada em diferentes facetas. O Brazil Tea Festival vai comercializar a bebida, promover\u00e1 cursos com especialistas e workshops sobre como preparar e cultiv\u00e1-la. Tamb\u00e9m haver\u00e1, no pr\u00f3ximo s\u00e1bado, um simp\u00f3sio sobre sa\u00fade. M\u00e9dicos v\u00e3o falar sobre os benef\u00edcios do consumo de ch\u00e1 para combater e prevenir o risco de doen\u00e7as metab\u00f3licas, cardiovasculares e orais, al\u00e9m dos cuidados com a pele. O festival ser\u00e1 realizado no Centro de Conven\u00e7\u00f5es Ulysses Guimar\u00e3es no pr\u00f3ximo fim de semana.<\/p>\n<h2><strong>Mandou bem<\/strong><\/h2>\n<p>O Col\u00e9gio de Procuradores de Justi\u00e7a do Minist\u00e9rio P\u00fablico do Par\u00e1 decidiu instaurar um processo administrativo contra seu ouvidor-geral, Ricardo Albuquerque, e aceitar seu afastamento tempor\u00e1rio depois que ele disse que \u201co problema da escravid\u00e3o no Brasil foi porque o \u00edndio n\u00e3o gosta de trabalhar\u201d.<\/p>\n<h2><strong>Mandou mal<\/strong><\/h2>\n<p>Respons\u00e1vel pela pol\u00edtica de combate \u00e0 discrimina\u00e7\u00e3o contra os negros, o presidente da Funda\u00e7\u00e3o Cultural Palmares, S\u00e9rgio Nascimento de Camargo, disse que a escravid\u00e3o foi \u201cben\u00e9fica para os descendentes\u201d que vivem melhor aqui do que na \u00c1frica e \u201cn\u00e3o existe racismo real\u201d.<\/p>\n<h2><strong>Siga o dinheiro<\/strong><\/h2>\n<p>R$ 1,32 bilh\u00e3o<\/p>\n<p>\u00c9 o impacto nas contas do DF do pagamento ao longo de 2020 da terceira parcela do reajuste prometido a 32 categorias de servidores p\u00fablicos.<\/p>\n<h2><strong>A pergunta que n\u00e3o quer calar\u2026.<\/strong><\/h2>\n<p><em>Com essa crise no pa\u00eds, quantos milh\u00f5es de brasileiros passam \u201cperrengue\u201d?<\/em><\/p>\n<p>A 3\u00aa Vara da Fazenda P\u00fablica do DF condenou o Distrito Federal e a Forjas Taurus S.A. a indenizarem um sargento da Pol\u00edcia Militar, por danos materiais, morais e est\u00e9ticos, ap\u00f3s a arma que ele usava em servi\u00e7o ter disparado sozinha e atingido sua perna, em maio de 2015. S\u00e3o v\u00e1rios relatos de disparos acidentais entre policiais civis e militares por armas da Taurus. Neste caso, o Distrito Federal e a Taurus S.A. ter\u00e3o de dividir a conta: o pagamento de R$ 6.542,67, a t\u00edtulo de danos materiais, referentes ao que foi gasto com medicamentos pelo policial. Ter\u00e3o, ainda, que indenizar o sargento em R$ 100 mil, a t\u00edtulo de danos morais, e R$ 100 mil, por danos est\u00e9ticos.<\/p>\n<blockquote><p>\u201cO mentiroso dessa hist\u00f3ria foi o (ex)-governador Rollemberg, que prometeu e disse ter deixado o dinheiro, mas havia ingressado como amicus curie no STF. E o mentiroso foi dizer que eu n\u00e3o pagava por n\u00e3o querer\u201d<\/p><\/blockquote>\n<p style=\"text-align: right\"><strong>Governador Ibaneis Rocha (MDB), sobre a terceira parcela do reajuste de servidores do GDF e o processo no STF que questionava o aumento sem inclus\u00e3o no or\u00e7amento<\/strong><\/p>\n<blockquote><p>\u201cIbaneis sabia da a\u00e7\u00e3o. Se quisesse, poderia retirar. N\u00e3o retirou pensando que poderia se transformar em precat\u00f3rios e ele receberia um percentual. Se ele quiser dar aumento, ele pode dar. Ele est\u00e1 fazendo mais uma vez o que mais sabe fazer. Enganar!\u201d<\/p><\/blockquote>\n<p style=\"text-align: right\"><strong>Ex-governador Rodrigo Rollemberg (PSB), que havia cobrado o pagamento da parcela do reajuste que ele suspendeu por falta de recursos<\/strong><\/p>\n","protected":false},"excerpt":{"rendered":"<p>Coluna Eixo Capital\/Por Ana Maria Campos N\u00e3o deixa de ser uma ironia do destino ou da pol\u00edtica. Dez anos depois da Opera\u00e7\u00e3o Caixa de Pandora, o ex-presidente do Superior Tribunal de Justi\u00e7a (STJ) C\u00e9sar Asfor Rocha foi alvo de busca e apreens\u00e3o na Opera\u00e7\u00e3o Appius. A investiga\u00e7\u00e3o \u00e9 centrada em dela\u00e7\u00e3o do ex-ministro Ant\u00f4nio Palocci Filho, que apontou pagamento de [&hellip;]<\/p>\n","protected":false},"author":9,"featured_media":8523,"comment_status":"open","ping_status":"closed","sticky":false,"template":"","format":"standard","meta":{"footnotes":""},"categories":[234],"tags":[],"class_list":["post-17000","post","type-post","status-publish","format-standard","has-post-thumbnail","hentry","category-cb-poder"],"_links":{"self":[{"href":"https:\/\/blogs.correiobraziliense.com.br\/cbpoder\/wp-json\/wp\/v2\/posts\/17000","targetHints":{"allow":["GET"]}}],"collection":[{"href":"https:\/\/blogs.correiobraziliense.com.br\/cbpoder\/wp-json\/wp\/v2\/posts"}],"about":[{"href":"https:\/\/blogs.correiobraziliense.com.br\/cbpoder\/wp-json\/wp\/v2\/types\/post"}],"author":[{"embeddable":true,"href":"https:\/\/blogs.correiobraziliense.com.br\/cbpoder\/wp-json\/wp\/v2\/users\/9"}],"replies":[{"embeddable":true,"href":"https:\/\/blogs.correiobraziliense.com.br\/cbpoder\/wp-json\/wp\/v2\/comments?post=17000"}],"version-history":[{"count":3,"href":"https:\/\/blogs.correiobraziliense.com.br\/cbpoder\/wp-json\/wp\/v2\/posts\/17000\/revisions"}],"predecessor-version":[{"id":17006,"href":"https:\/\/blogs.correiobraziliense.com.br\/cbpoder\/wp-json\/wp\/v2\/posts\/17000\/revisions\/17006"}],"wp:featuredmedia":[{"embeddable":true,"href":"https:\/\/blogs.correiobraziliense.com.br\/cbpoder\/wp-json\/wp\/v2\/media\/8523"}],"wp:attachment":[{"href":"https:\/\/blogs.correiobraziliense.com.br\/cbpoder\/wp-json\/wp\/v2\/media?parent=17000"}],"wp:term":[{"taxonomy":"category","embeddable":true,"href":"https:\/\/blogs.correiobraziliense.com.br\/cbpoder\/wp-json\/wp\/v2\/categories?post=17000"},{"taxonomy":"post_tag","embeddable":true,"href":"https:\/\/blogs.correiobraziliense.com.br\/cbpoder\/wp-json\/wp\/v2\/tags?post=17000"}],"curies":[{"name":"wp","href":"https:\/\/api.w.org\/{rel}","templated":true}]}}