{"id":16984,"date":"2019-11-29T07:49:04","date_gmt":"2019-11-29T10:49:04","guid":{"rendered":"https:\/\/blogs.correiobraziliense.com.br\/cbpoder\/?p=16984"},"modified":"2019-11-29T07:49:04","modified_gmt":"2019-11-29T10:49:04","slug":"participacao-na-criacao-de-novo-partido-de-bolsonaro-deve-afastar-izalci-e-suplente","status":"publish","type":"post","link":"https:\/\/blogs.correiobraziliense.com.br\/cbpoder\/participacao-na-criacao-de-novo-partido-de-bolsonaro-deve-afastar-izalci-e-suplente\/","title":{"rendered":"Participa\u00e7\u00e3o na cria\u00e7\u00e3o de novo partido de Bolsonaro deve afastar Izalci e suplente"},"content":{"rendered":"<h6><strong>Coluna Eixo Capital\/Por Ana Maria Campos<\/strong><\/h6>\n<p>Apesar de muita gente acreditar que os dois estar\u00e3o juntos em 2022 por interesses na mesma dire\u00e7\u00e3o, a participa\u00e7\u00e3o do advogado Lu\u00eds Felipe Belmonte na cria\u00e7\u00e3o do Alian\u00e7a para o Brasil pode ser o primeiro passo para o rompimento pol\u00edtico com o senador Izalci Lucas (PSDB-DF).<\/p>\n<p>Um dos entraves \u00e9 a disputa nacional. Suplente do tucano, Belmonte estar\u00e1 com o presidente Jair Bolsonaro ou com um sucessor do grupo bolsonarista. J\u00e1 Izalci deve seguir com o candidato do PSDB ao Planalto, provavelmente o governador de S\u00e3o Paulo, Jo\u00e3o Doria.<\/p>\n<h2>\n<strong>Al\u00f4, ouvintes<\/strong><\/h2>\n<p>De olho em 2022, o senador Izalci Lucas (PSDB-DF) arrendou uma r\u00e1dio FM.<\/p>\n<h2>\n<strong>Samu para pets<\/strong><\/h2>\n<p>Entre os projetos aprovados ontem na C\u00e2mara Legislativa, h\u00e1 um que deve agradar aos protetores de animais. A proposta cria o Servi\u00e7o de Atendimento M\u00f3vel de Urg\u00eancia Veterin\u00e1rio \u2013 SamuVet. De autoria do deputado Roosevelt Vilela (PSB), a proposi\u00e7\u00e3o estabelece que o servi\u00e7o dever\u00e1 funcionar 24 horas, para atendimento de animais atropelados em vias p\u00fablicas, em situa\u00e7\u00f5es de risco ou que tenham sofrido maus-tratos.<\/p>\n<p>A proposta foi aprovada em primeiro turno. Mas, se virar lei, pode ser questionado pela constitucionalidade. A Lei Org\u00e2nica do DF estabelece que o Legislativo n\u00e3o pode criar despesas para o Executivo. De acordo com o texto aprovado, o atendimento do SamuVet ser\u00e1 realizado por meio de ve\u00edculo equipado para a presta\u00e7\u00e3o de primeiros socorros e poder\u00e1 ser acionado por qualquer cidad\u00e3o. O governo dever\u00e1 criar um n\u00famero de telefone espec\u00edfico para o recebimento das demandas.<\/p>\n<h2>\n<strong>Crit\u00e9rios questionados<\/strong><\/h2>\n<p>Muitos deputados reclamaram dos crit\u00e9rios usados pela equipe do site Ranking dos Pol\u00edticos para avaliar o desempenho deles. O problema \u00e9 o perfil dos consultores e dos par\u00e2metros para o voto. Como v\u00e1rios analistas s\u00e3o apontados como defensores do mercado, a posi\u00e7\u00e3o em plen\u00e1rio leva em conta esse olhar.<\/p>\n<p>Talvez por isso a deputada \u00c9rika Kokay (PT) ficou em \u00faltimo lugar na bancada do DF. Entre os analistas est\u00e3o, por exemplo, o ex-presidente do Banco Central Gustavo Franco e o dono da rede de lojas de departamento Riachuelo Fl\u00e1vio Rocha. Mas a presen\u00e7a nas sess\u00f5es, fidelidade partid\u00e1ria, envolvimento em den\u00fancias ou investiga\u00e7\u00f5es e o n\u00famero de privil\u00e9gios tamb\u00e9m s\u00e3o levados em conta.<\/p>\n<h2>\n<strong>Guerra de Pol\u00edcia<\/strong><\/h2>\n<p>O reajuste das for\u00e7as de seguran\u00e7a tem deixado as entidades que representam os militares e o Sindicato dos Policiais Civis do DF (Sinpol) em guerra. Depois que o presidente Jair Bolsonaro deu pitaco no assunto dizendo que s\u00f3 pagaria os policiais civis se sair tamb\u00e9m o aumento da PM, o clima esquentou. Problema \u00e9 que, desde o governo Rollemberg, se sabia que atender todo mundo \u00e9 bem dif\u00edcil, para n\u00e3o dizer invi\u00e1vel.<\/p>\n<h2>\n<strong>10 anos depois\u2026<\/strong><\/h2>\n<p>Den\u00fancias em a\u00e7\u00f5es penais da Opera\u00e7\u00e3o Caixa de Pandora, em casos de forma\u00e7\u00e3o de quadrilha, prescreveram para os r\u00e9us mais velhos: Jos\u00e9 Geraldo Maciel, Renato Malcotti e Jos\u00e9 Eust\u00e1quio de Oliveira. E por falsidade ideol\u00f3gica e corrup\u00e7\u00e3o de testemunha, para Haroaldo Brasil de Carvalho. Quem tem mais de 70 anos \u00e9 beneficiado com contagem de prazo de prescri\u00e7\u00e3o pela metade..<\/p>\n<h2>\n<strong>Sem possibilidade de recurso<\/strong><\/h2>\n<p>Nas a\u00e7\u00f5es de improbidade administrativa, tr\u00eas condena\u00e7\u00f5es j\u00e1 transitaram em julgado, as que condenaram os ex-deputados Eurides Brito, Rog\u00e9rio Ulysses e Ailton Gomes.<\/p>\n<h2>\n<strong>Dinheiro da FAP vai para terceirizados<\/strong><\/h2>\n<p>A C\u00e2mara Legislativa aprovou, em primeiro turno, a proposta de emenda \u00e0 Lei Org\u00e2nica do DF (PELO) que permite ao GDF a utiliza\u00e7\u00e3o de recursos destinados \u00e0 Funda\u00e7\u00e3o de Apoio a Pesquisa n\u00e3o empenhados at\u00e9 15 de novembro deste ano, para outros fins.<\/p>\n<p>A proposi\u00e7\u00e3o, de autoria do Executivo, se aprovada em segundo turno, <a href=\"https:\/\/blogs.correiobraziliense.com.br\/cbpoder\/distritais-aprovam-uso-de-recursos-da-fap-primeiro-turno\/\">garantir\u00e1 ao GDF cerca de R$ 340 milh\u00f5es que poder\u00e3o ser utilizados no pagamento de terceirizados<\/a>. Em 2019, o valor destinado no or\u00e7amento para a FAP foi de R$ 379,5 milh\u00f5es. Desse montante, at\u00e9 agosto, apenas R$ 35,7 milh\u00f5es tinham sido empenhados.<\/p>\n<h2>\n<strong>A pergunta que n\u00e3o quer calar\u2026.<\/strong><\/h2>\n<p>Se o deputado Rafael Prudente (MDB) se reeleger para o comando da C\u00e2mara Legislativa por mais dois anos, ele reunir\u00e1 for\u00e7a pol\u00edtica para disputar um cargo majorit\u00e1rio nas pr\u00f3ximas elei\u00e7\u00f5es?<\/p>\n<h2>\n<strong>Siga o dinheiro<\/strong><\/h2>\n<p>R$ 147.963,77<br \/>\n\u00c9 o montante da d\u00edvida reconhecida pelo Departamento de Estradas de Rodagem (DER\/DF) referente a horas-extras de servidores no m\u00eas de outubro.<\/p>\n","protected":false},"excerpt":{"rendered":"<p>Coluna Eixo Capital\/Por Ana Maria Campos Apesar de muita gente acreditar que os dois estar\u00e3o juntos em 2022 por interesses na mesma dire\u00e7\u00e3o, a participa\u00e7\u00e3o do advogado Lu\u00eds Felipe Belmonte na cria\u00e7\u00e3o do Alian\u00e7a para o Brasil pode ser o primeiro passo para o rompimento pol\u00edtico com o senador Izalci Lucas (PSDB-DF). Um dos entraves \u00e9 a disputa nacional. Suplente [&hellip;]<\/p>\n","protected":false},"author":9,"featured_media":14927,"comment_status":"open","ping_status":"closed","sticky":false,"template":"","format":"standard","meta":{"footnotes":""},"categories":[234],"tags":[],"class_list":["post-16984","post","type-post","status-publish","format-standard","has-post-thumbnail","hentry","category-cb-poder"],"_links":{"self":[{"href":"https:\/\/blogs.correiobraziliense.com.br\/cbpoder\/wp-json\/wp\/v2\/posts\/16984","targetHints":{"allow":["GET"]}}],"collection":[{"href":"https:\/\/blogs.correiobraziliense.com.br\/cbpoder\/wp-json\/wp\/v2\/posts"}],"about":[{"href":"https:\/\/blogs.correiobraziliense.com.br\/cbpoder\/wp-json\/wp\/v2\/types\/post"}],"author":[{"embeddable":true,"href":"https:\/\/blogs.correiobraziliense.com.br\/cbpoder\/wp-json\/wp\/v2\/users\/9"}],"replies":[{"embeddable":true,"href":"https:\/\/blogs.correiobraziliense.com.br\/cbpoder\/wp-json\/wp\/v2\/comments?post=16984"}],"version-history":[{"count":1,"href":"https:\/\/blogs.correiobraziliense.com.br\/cbpoder\/wp-json\/wp\/v2\/posts\/16984\/revisions"}],"predecessor-version":[{"id":16985,"href":"https:\/\/blogs.correiobraziliense.com.br\/cbpoder\/wp-json\/wp\/v2\/posts\/16984\/revisions\/16985"}],"wp:featuredmedia":[{"embeddable":true,"href":"https:\/\/blogs.correiobraziliense.com.br\/cbpoder\/wp-json\/wp\/v2\/media\/14927"}],"wp:attachment":[{"href":"https:\/\/blogs.correiobraziliense.com.br\/cbpoder\/wp-json\/wp\/v2\/media?parent=16984"}],"wp:term":[{"taxonomy":"category","embeddable":true,"href":"https:\/\/blogs.correiobraziliense.com.br\/cbpoder\/wp-json\/wp\/v2\/categories?post=16984"},{"taxonomy":"post_tag","embeddable":true,"href":"https:\/\/blogs.correiobraziliense.com.br\/cbpoder\/wp-json\/wp\/v2\/tags?post=16984"}],"curies":[{"name":"wp","href":"https:\/\/api.w.org\/{rel}","templated":true}]}}