{"id":16974,"date":"2019-11-28T08:13:58","date_gmt":"2019-11-28T11:13:58","guid":{"rendered":"https:\/\/blogs.correiobraziliense.com.br\/cbpoder\/?p=16974"},"modified":"2019-11-28T08:13:58","modified_gmt":"2019-11-28T11:13:58","slug":"a-rede-nao-proibe-diz-distrital-sobre-voto-a-favor-da-reeleicao-na-cldf","status":"publish","type":"post","link":"https:\/\/blogs.correiobraziliense.com.br\/cbpoder\/a-rede-nao-proibe-diz-distrital-sobre-voto-a-favor-da-reeleicao-na-cldf\/","title":{"rendered":"&#8221;A Rede n\u00e3o pro\u00edbe&#8221;, diz distrital sobre voto a favor da reelei\u00e7\u00e3o na CLDF"},"content":{"rendered":"<p><em><strong>\u00c0 QUEIMA-ROUPA<\/strong><\/em><\/p>\n<p>Leandro Grass Deputado distrital (Rede)<\/p>\n<p><strong>Ao votar a favor do projeto que permite a reelei\u00e7\u00e3o do presidente da C\u00e2mara, voc\u00ea contrariou o partido?<\/strong><\/p>\n<p>De forma alguma. A Rede n\u00e3o pro\u00edbe a reelei\u00e7\u00e3o para os cargos eletivos, conforme o art. 52 do Estatuto, onde est\u00e1 expl\u00edcita a possibilidade de uma reelei\u00e7\u00e3o. Mas quanto \u00e0s fun\u00e7\u00f5es dentro das institui\u00e7\u00f5es, n\u00e3o h\u00e1 posi\u00e7\u00e3o fechada. S\u00e3o quest\u00f5es distintas, estando a segunda sujeita a delibera\u00e7\u00f5es entre os parlamentares e o partido.<\/p>\n<p><strong>Na Legislatura passada, a Rede se manifestou contra a reelei\u00e7\u00e3o da Mesa e os deputados Chico Leite e Cl\u00e1udio Abrantes, que eram do partido, votaram contra. O que mudou?<\/strong><\/p>\n<p>Na verdade, quem se manifestou foram os deputados, n\u00e3o foi o partido. Eu, enquanto filiado na \u00e9poca, n\u00e3o recordo de uma orienta\u00e7\u00e3o partid\u00e1ria. Embora contr\u00e1rios \u00e0 PELO (Proposta de Emenda \u00e0 Lei Org\u00e2nica), n\u00e3o questionavam a recondu\u00e7\u00e3o nas presid\u00eancias das Comiss\u00f5es, que tamb\u00e9m indica continuidade. A meu ver, havia uma distor\u00e7\u00e3o no regimento. Por isso, achei necess\u00e1ria a adequa\u00e7\u00e3o. Inclusive, houve casos de deputados contr\u00e1rios, na legislatura passada e na atual, que ocuparam cargos na Casa por duas ou mais vezes consecutivas. Interpretei dessa forma e, como sempre tenho feito, votei de forma livre e consciente.<\/p>\n<p><strong>J\u00e1 tem posi\u00e7\u00e3o sobre a reelei\u00e7\u00e3o de Rafael Prudente? Vota sim ou n\u00e3o?<\/strong><\/p>\n<p>At\u00e9 onde sei, o Rafael n\u00e3o \u00e9 candidato ainda. Ele poder\u00e1 ser, assim como eu tamb\u00e9m posso ser.<\/p>\n<p><strong>Como avalia a gest\u00e3o dele at\u00e9 agora?<\/strong><\/p>\n<p>A gest\u00e3o \u00e9 feita pela Mesa Diretora, n\u00e3o apenas pelo presidente. Desde o in\u00edcio, houve erros e acertos. Eu alertei para alguns equ\u00edvocos, como as licita\u00e7\u00f5es da cerca em volta da C\u00e2mara Legislativa e dos carros oficiais. Com bom senso, voltaram atr\u00e1s. Acredito que a C\u00e2mara precisa melhorar sua imagem perante a popula\u00e7\u00e3o. Isso pressup\u00f5e mais austeridade. Quanto ao Rafael, o considero um presidente que respeita e sabe ouvir os deputados. Inclusive os da oposi\u00e7\u00e3o, como eu.<\/p>\n","protected":false},"excerpt":{"rendered":"<p>\u00c0 QUEIMA-ROUPA Leandro Grass Deputado distrital (Rede) Ao votar a favor do projeto que permite a reelei\u00e7\u00e3o do presidente da C\u00e2mara, voc\u00ea contrariou o partido? De forma alguma. A Rede n\u00e3o pro\u00edbe a reelei\u00e7\u00e3o para os cargos eletivos, conforme o art. 52 do Estatuto, onde est\u00e1 expl\u00edcita a possibilidade de uma reelei\u00e7\u00e3o. Mas quanto \u00e0s fun\u00e7\u00f5es dentro das institui\u00e7\u00f5es, n\u00e3o [&hellip;]<\/p>\n","protected":false},"author":9,"featured_media":16975,"comment_status":"open","ping_status":"closed","sticky":false,"template":"","format":"standard","meta":{"footnotes":""},"categories":[234],"tags":[],"class_list":["post-16974","post","type-post","status-publish","format-standard","has-post-thumbnail","hentry","category-cb-poder"],"_links":{"self":[{"href":"https:\/\/blogs.correiobraziliense.com.br\/cbpoder\/wp-json\/wp\/v2\/posts\/16974","targetHints":{"allow":["GET"]}}],"collection":[{"href":"https:\/\/blogs.correiobraziliense.com.br\/cbpoder\/wp-json\/wp\/v2\/posts"}],"about":[{"href":"https:\/\/blogs.correiobraziliense.com.br\/cbpoder\/wp-json\/wp\/v2\/types\/post"}],"author":[{"embeddable":true,"href":"https:\/\/blogs.correiobraziliense.com.br\/cbpoder\/wp-json\/wp\/v2\/users\/9"}],"replies":[{"embeddable":true,"href":"https:\/\/blogs.correiobraziliense.com.br\/cbpoder\/wp-json\/wp\/v2\/comments?post=16974"}],"version-history":[{"count":1,"href":"https:\/\/blogs.correiobraziliense.com.br\/cbpoder\/wp-json\/wp\/v2\/posts\/16974\/revisions"}],"predecessor-version":[{"id":16976,"href":"https:\/\/blogs.correiobraziliense.com.br\/cbpoder\/wp-json\/wp\/v2\/posts\/16974\/revisions\/16976"}],"wp:featuredmedia":[{"embeddable":true,"href":"https:\/\/blogs.correiobraziliense.com.br\/cbpoder\/wp-json\/wp\/v2\/media\/16975"}],"wp:attachment":[{"href":"https:\/\/blogs.correiobraziliense.com.br\/cbpoder\/wp-json\/wp\/v2\/media?parent=16974"}],"wp:term":[{"taxonomy":"category","embeddable":true,"href":"https:\/\/blogs.correiobraziliense.com.br\/cbpoder\/wp-json\/wp\/v2\/categories?post=16974"},{"taxonomy":"post_tag","embeddable":true,"href":"https:\/\/blogs.correiobraziliense.com.br\/cbpoder\/wp-json\/wp\/v2\/tags?post=16974"}],"curies":[{"name":"wp","href":"https:\/\/api.w.org\/{rel}","templated":true}]}}