{"id":16950,"date":"2019-11-26T08:11:24","date_gmt":"2019-11-26T11:11:24","guid":{"rendered":"https:\/\/blogs.correiobraziliense.com.br\/cbpoder\/?p=16950"},"modified":"2019-11-26T08:11:24","modified_gmt":"2019-11-26T11:11:24","slug":"distrital-fabio-felix-e-pedido-em-casamento","status":"publish","type":"post","link":"https:\/\/blogs.correiobraziliense.com.br\/cbpoder\/distrital-fabio-felix-e-pedido-em-casamento\/","title":{"rendered":"Distrital F\u00e1bio F\u00e9lix \u00e9 pedido em casamento"},"content":{"rendered":"<h6><strong>Coluna Eixo Capital\/Por Ana Maria Campos<\/strong><\/h6>\n<p>Depois de dois anos e meio de namoro, o deputado distrital F\u00e1bio F\u00e9lix (PSol) foi pedido em casamento pelo designer L\u00e9o Domiciano. Com direito a alian\u00e7a, espumante e juras de amor, os dois selaram um compromisso de uni\u00e3o. O casamento deve ser no pr\u00f3ximo ano, com cerim\u00f4nia e ben\u00e7\u00e3o religiosa, em culto ecum\u00eanico. Nas redes sociais, F\u00e9lix revelou que nunca esteve t\u00e3o feliz. No primeiro mandato, ele tem se destacado com a bandeira LGBT e como um dos autores da cria\u00e7\u00e3o da CPI do Feminic\u00eddio na C\u00e2mara Legislativa.<\/p>\n<h2>\n<strong>Flexibiliza\u00e7\u00e3o da ocupa\u00e7\u00e3o do SIG<\/strong><\/h2>\n<p>O deputado Hermeto (MDB), relator na Comiss\u00e3o de Assuntos Fundi\u00e1rios da C\u00e2mara Legislativa, pretende levar \u00e0 vota\u00e7\u00e3o, na pr\u00f3xima semana, o projeto que regulariza o uso do Setor de Ind\u00fastrias Gr\u00e1ficas (SIG). O relat\u00f3rio do distrital vai apontar para a possibilidade de flexibiliza\u00e7\u00e3o da ocupa\u00e7\u00e3o do setor. A ideia \u00e9 permitir a constru\u00e7\u00e3o de at\u00e9 cinco pavimentos.<\/p>\n<h2>\n<strong>Os erros da esquerda que levaram \u00e0 elei\u00e7\u00e3o de Bolsonaro<\/strong><\/h2>\n<p>O ex-senador Cristovam Buarque (Cidadania-DF) lan\u00e7a, na pr\u00f3xima semana, em 5 de dezembro, o livro Por que falhamos: o Brasil de 1992 a 2018, em vers\u00e3o gratuita de e-book dispon\u00edvel no site da editora Tema Editorial (www.temaeditorial.com.br) e nas redes sociais do autor. Trata-se de uma an\u00e1lise sobre as falhas dos pol\u00edticos progressistas que, na vis\u00e3o de Cristovam, levaram \u00e0 elei\u00e7\u00e3o do presidente Jair Bolsonaro. Veja alguns trechos da publica\u00e7\u00e3o:<\/p>\n<blockquote><p><em>\u201cNossos intelectuais toleraram de maneira subserviente a corrup\u00e7\u00e3o expl\u00edcita e o aparelhamento do Estado\u201d<\/em><\/p>\n<p><em>\u201cFicamos como defensores de ostenta\u00e7\u00e3o e de mordomias no servi\u00e7o p\u00fablico\u201d<\/em><\/p>\n<p><em>\u201c\u00c9 poss\u00edvel ter economia eficiente sem justi\u00e7a social, mas \u00e9 imposs\u00edvel alcan\u00e7ar justi\u00e7a social sem economia eficiente\u201d<\/em><\/p>\n<p><em>\u201cCa\u00edmos na armadilha do estatismo e de seus pares: o populismo e a corrup\u00e7\u00e3o\u201d<\/em><\/p>\n<p><em>\u201cNa verdade, ele (Bolsonaro) n\u00e3o ganhou, n\u00f3s perdemos, porque ficamos sem projetos que seduzissem os eleitores. Deixamos um pa\u00eds em crise e decad\u00eancia, com a popula\u00e7\u00e3o descontente, milh\u00f5es nas ruas contra nossa corrup\u00e7\u00e3o, incompet\u00eancia e falta de inspira\u00e7\u00e3o para o futuro. Perdemos por nossos erros\u201d<\/em><\/p>\n<p><em>\u201cEstamos errando de novo ao nos perguntarmos por que ele ganhou, quais foram seus acertos t\u00e1ticos, suas manipula\u00e7\u00f5es de slogans e fake news e n\u00e3o por que n\u00f3s perdemos, quais foram nossos erros estrat\u00e9gicos\u201d<\/em><\/p><\/blockquote>\n","protected":false},"excerpt":{"rendered":"<p>Coluna Eixo Capital\/Por Ana Maria Campos Depois de dois anos e meio de namoro, o deputado distrital F\u00e1bio F\u00e9lix (PSol) foi pedido em casamento pelo designer L\u00e9o Domiciano. Com direito a alian\u00e7a, espumante e juras de amor, os dois selaram um compromisso de uni\u00e3o. O casamento deve ser no pr\u00f3ximo ano, com cerim\u00f4nia e ben\u00e7\u00e3o religiosa, em culto ecum\u00eanico. Nas [&hellip;]<\/p>\n","protected":false},"author":9,"featured_media":16952,"comment_status":"open","ping_status":"closed","sticky":false,"template":"","format":"standard","meta":{"footnotes":""},"categories":[234],"tags":[],"class_list":["post-16950","post","type-post","status-publish","format-standard","has-post-thumbnail","hentry","category-cb-poder"],"_links":{"self":[{"href":"https:\/\/blogs.correiobraziliense.com.br\/cbpoder\/wp-json\/wp\/v2\/posts\/16950","targetHints":{"allow":["GET"]}}],"collection":[{"href":"https:\/\/blogs.correiobraziliense.com.br\/cbpoder\/wp-json\/wp\/v2\/posts"}],"about":[{"href":"https:\/\/blogs.correiobraziliense.com.br\/cbpoder\/wp-json\/wp\/v2\/types\/post"}],"author":[{"embeddable":true,"href":"https:\/\/blogs.correiobraziliense.com.br\/cbpoder\/wp-json\/wp\/v2\/users\/9"}],"replies":[{"embeddable":true,"href":"https:\/\/blogs.correiobraziliense.com.br\/cbpoder\/wp-json\/wp\/v2\/comments?post=16950"}],"version-history":[{"count":1,"href":"https:\/\/blogs.correiobraziliense.com.br\/cbpoder\/wp-json\/wp\/v2\/posts\/16950\/revisions"}],"predecessor-version":[{"id":16953,"href":"https:\/\/blogs.correiobraziliense.com.br\/cbpoder\/wp-json\/wp\/v2\/posts\/16950\/revisions\/16953"}],"wp:featuredmedia":[{"embeddable":true,"href":"https:\/\/blogs.correiobraziliense.com.br\/cbpoder\/wp-json\/wp\/v2\/media\/16952"}],"wp:attachment":[{"href":"https:\/\/blogs.correiobraziliense.com.br\/cbpoder\/wp-json\/wp\/v2\/media?parent=16950"}],"wp:term":[{"taxonomy":"category","embeddable":true,"href":"https:\/\/blogs.correiobraziliense.com.br\/cbpoder\/wp-json\/wp\/v2\/categories?post=16950"},{"taxonomy":"post_tag","embeddable":true,"href":"https:\/\/blogs.correiobraziliense.com.br\/cbpoder\/wp-json\/wp\/v2\/tags?post=16950"}],"curies":[{"name":"wp","href":"https:\/\/api.w.org\/{rel}","templated":true}]}}