{"id":16917,"date":"2019-11-20T08:07:28","date_gmt":"2019-11-20T11:07:28","guid":{"rendered":"https:\/\/blogs.correiobraziliense.com.br\/cbpoder\/?p=16917"},"modified":"2019-11-20T08:07:28","modified_gmt":"2019-11-20T11:07:28","slug":"tribunal-de-justica-do-df-tem-primeira-desembargadora-negra","status":"publish","type":"post","link":"https:\/\/blogs.correiobraziliense.com.br\/cbpoder\/tribunal-de-justica-do-df-tem-primeira-desembargadora-negra\/","title":{"rendered":"Tribunal de Justi\u00e7a do DF tem primeira desembargadora negra"},"content":{"rendered":"<h6><strong>Coluna Eixo Capital\/Por Ana Maria Campos<\/strong><\/h6>\n<p>A data n\u00e3o poderia ser mais emblem\u00e1tica. A magistrada Maria Ivat\u00f4nia Barbosa dos Santos foi promovida por unanimidade ontem, na v\u00e9spera do dia em que se comemora a consci\u00eancia negra e o combate ao racismo, para o cargo de desembargadora do Tribunal de Justi\u00e7a do Distrito Federal e Territ\u00f3rios. Em quase 60 anos de hist\u00f3ria, ser\u00e1 a primeira vez que uma mulher negra vestir\u00e1 como titular a toga em segunda inst\u00e2ncia na Justi\u00e7a do DF.<\/p>\n<p>Considerada uma ju\u00edza ser\u00edssima, na palavra de colegas, advogados, policiais civis e promotores de Justi\u00e7a, Ivat\u00f4nia vai ocupar a vaga aberta com a aposentadoria do desembargador Marco Ant\u00f4nio da Silva Lemos. Nascida em Arraias (TO), a ex-delegada da Pol\u00edcia Civil de Goi\u00e1s ingressou na magistratura do DF em maio de 1993, como ju\u00edza de direito substituta. Em fevereiro de 1996, foi promovida a ju\u00edza de direito, e, em desde 2014, atua como ju\u00edza substituta de 2\u00ba grau. Maria Ivat\u00f4nia foi promovida pelo crit\u00e9rio da antiguidade, mas os colegas ressaltaram ontem que ela merece muito ascender na carreira.<\/p>\n<h2><strong>Ibaneis anuncia hoje aumento da PM e dos Bombeiros<\/strong><\/h2>\n<p>Sai hoje o reajuste das for\u00e7as de seguran\u00e7a. O governador Ibaneis Rocha (MDB) prepara um grande evento no Pal\u00e1cio do Buriti, \u00e0s 16h, para anunciar o percentual de aumento da Pol\u00edcia Militar e do Corpo de Bombeiros do DF. At\u00e9 ontem, havia uma d\u00favida sobre a data da solenidade. Policiais militares divulgavam mensagens com informa\u00e7\u00f5es de que a comunica\u00e7\u00e3o seria mais uma vez adiada, para a pr\u00f3xima semana.<\/p>\n<p>At\u00e9 a noite de ontem, o secret\u00e1rio de Economia, Andr\u00e9 Clemente, fazia as contas. <a href=\"https:\/\/blogs.correiobraziliense.com.br\/cbpoder\/ibaneis-anuncia-nesta-quarta-feira-o-reajuste-da-pm-e-dos-bombeiros\/\">Mas a equipe de Ibaneis confirmava o an\u00fancio<\/a>. Para policiais civis, a festa dos colegas das for\u00e7as de seguran\u00e7a representa uma boa not\u00edcia, j\u00e1 que o presidente Jair Bolsonaro avisou que s\u00f3 vai liberar aumento para todas as categorias do DF.<\/p>\n<h2><strong>Momento descontra\u00e7\u00e3o<\/strong><\/h2>\n<p>Deputados distritais se reuniram ontem em almo\u00e7o de confraterniza\u00e7\u00e3o, em Planaltina, oferecido pelo l\u00edder do governo, Cl\u00e1udio Abrantes (PDT). O ex-deputado Daniel Marques ofereceu a ch\u00e1cara.<\/p>\n<h2>\n<strong>1 X 1<\/strong><\/h2>\n<p>Intermediado pela jornalista Maristela Sant&#8217;Anna, no programa C\u00e2mara Debate, da TV C\u00e2mara, o debate entre as deputadas Fl\u00e1via Arruda (PL-DF) e Clarissa Garotinho (Pros-DF), exibido em sete de novembro, foi uma boa oportunidade para o confronto de opini\u00f5es, como a coluna mostrou ontem no S\u00f3 Papos, sobre a chamada PEC da Repara\u00e7\u00e3o. As duas parlamentares est\u00e3o surfando no tema. Cada uma defendendo interesses de seu eleitorado a respeito da proposta de Clarissa de dividir os recursos do Fundo Constitucional do DF pelos pr\u00f3ximos 10 anos entre Rio e DF como forma de compensar a mudan\u00e7a da capital. Independentemente do conte\u00fado, as duas est\u00e3o marcando gols em suas bases.<\/p>\n<h2><strong>Condena\u00e7\u00f5es da Opera\u00e7\u00e3o Aquarela<\/strong><\/h2>\n<p>Depois de mais de 11 anos, saiu ontem uma das senten\u00e7as da Opera\u00e7\u00e3o Aquarela, que apurou desvios de recursos do BRB. O ex-presidente da entidade Tarc\u00edsio Franklim de Moura e o ex-presidente da Associa\u00e7\u00e3o dos Bancos (Asbace) Juarez Lopes Can\u00e7ado foram condenados por improbidade administrativa, com pagamento de multa e suspens\u00e3o dos direitos pol\u00edticos. A senten\u00e7a, que est\u00e1 sob sigilo, \u00e9 da 4\u00aa Vara de Fazenda P\u00fablica e cabe recurso. De acordo com a\u00e7\u00e3o do Gaeco (Grupo de Atua\u00e7\u00e3o Especial de Combate ao Crime Organizado) do Minist\u00e9rio P\u00fablico do Distrito Federal e Territ\u00f3rios (MPDFT), a Asbace era contratada sem licita\u00e7\u00e3o para realizar servi\u00e7os, como forma de driblar a lei, com pre\u00e7os superfaturados. Outras a\u00e7\u00f5es, inclusive na esfera criminal, est\u00e3o em tramita\u00e7\u00e3o.<\/p>\n<h2>\n<strong>S\u00f3 papos<\/strong><\/h2>\n<blockquote><p>\n\u201cPoliciais n\u00e3o s\u00e3o assassinos. Policiais s\u00e3o guardi\u00f5es da sociedade. Sinto orgulho de ter 600 mil profissionais trabalhando pela seguran\u00e7a de 240 milh\u00f5es de brasileiros\u201d<\/p><\/blockquote>\n<p style=\"text-align: right\"><strong>Deputado Coronel Tadeu (PSL-SP), sobre o epis\u00f3dio em que rasgou uma ilustra\u00e7\u00e3o em que aparece um policial militar agredindo um negro, que \u00e9 parte de uma exposi\u00e7\u00e3o na C\u00e2mara dos Deputados sobre o m\u00eas da consci\u00eancia negra<\/strong><\/p>\n<blockquote><p>\u201c\u00c9 triste o racismo discreto, impregnado nas elites, tenebroso quando se manifesta explicitamente em eleitos com mandatos, assustador quando seus pares n\u00e3o reagem, n\u00e3o criticam, n\u00e3o isolam o racista\u201d<\/p><\/blockquote>\n<p style=\"text-align: right\"><strong>Ex-senador Cristovam Buarque (Cidadania-DF), em repercuss\u00e3o ao caso pelo Twitter<\/strong><\/p>\n","protected":false},"excerpt":{"rendered":"<p>Coluna Eixo Capital\/Por Ana Maria Campos A data n\u00e3o poderia ser mais emblem\u00e1tica. A magistrada Maria Ivat\u00f4nia Barbosa dos Santos foi promovida por unanimidade ontem, na v\u00e9spera do dia em que se comemora a consci\u00eancia negra e o combate ao racismo, para o cargo de desembargadora do Tribunal de Justi\u00e7a do Distrito Federal e Territ\u00f3rios. Em quase 60 anos de [&hellip;]<\/p>\n","protected":false},"author":9,"featured_media":16919,"comment_status":"open","ping_status":"closed","sticky":false,"template":"","format":"standard","meta":{"footnotes":""},"categories":[234],"tags":[],"class_list":["post-16917","post","type-post","status-publish","format-standard","has-post-thumbnail","hentry","category-cb-poder"],"_links":{"self":[{"href":"https:\/\/blogs.correiobraziliense.com.br\/cbpoder\/wp-json\/wp\/v2\/posts\/16917","targetHints":{"allow":["GET"]}}],"collection":[{"href":"https:\/\/blogs.correiobraziliense.com.br\/cbpoder\/wp-json\/wp\/v2\/posts"}],"about":[{"href":"https:\/\/blogs.correiobraziliense.com.br\/cbpoder\/wp-json\/wp\/v2\/types\/post"}],"author":[{"embeddable":true,"href":"https:\/\/blogs.correiobraziliense.com.br\/cbpoder\/wp-json\/wp\/v2\/users\/9"}],"replies":[{"embeddable":true,"href":"https:\/\/blogs.correiobraziliense.com.br\/cbpoder\/wp-json\/wp\/v2\/comments?post=16917"}],"version-history":[{"count":1,"href":"https:\/\/blogs.correiobraziliense.com.br\/cbpoder\/wp-json\/wp\/v2\/posts\/16917\/revisions"}],"predecessor-version":[{"id":16920,"href":"https:\/\/blogs.correiobraziliense.com.br\/cbpoder\/wp-json\/wp\/v2\/posts\/16917\/revisions\/16920"}],"wp:featuredmedia":[{"embeddable":true,"href":"https:\/\/blogs.correiobraziliense.com.br\/cbpoder\/wp-json\/wp\/v2\/media\/16919"}],"wp:attachment":[{"href":"https:\/\/blogs.correiobraziliense.com.br\/cbpoder\/wp-json\/wp\/v2\/media?parent=16917"}],"wp:term":[{"taxonomy":"category","embeddable":true,"href":"https:\/\/blogs.correiobraziliense.com.br\/cbpoder\/wp-json\/wp\/v2\/categories?post=16917"},{"taxonomy":"post_tag","embeddable":true,"href":"https:\/\/blogs.correiobraziliense.com.br\/cbpoder\/wp-json\/wp\/v2\/tags?post=16917"}],"curies":[{"name":"wp","href":"https:\/\/api.w.org\/{rel}","templated":true}]}}