{"id":16908,"date":"2019-11-18T07:57:57","date_gmt":"2019-11-18T10:57:57","guid":{"rendered":"https:\/\/blogs.correiobraziliense.com.br\/cbpoder\/?p=16908"},"modified":"2019-11-18T07:57:57","modified_gmt":"2019-11-18T10:57:57","slug":"pt-falhou-ao-secundarizar-a-pauta-da-sociedade-diz-wasny-de-roure-apos-deixar-o-partido","status":"publish","type":"post","link":"https:\/\/blogs.correiobraziliense.com.br\/cbpoder\/pt-falhou-ao-secundarizar-a-pauta-da-sociedade-diz-wasny-de-roure-apos-deixar-o-partido\/","title":{"rendered":"&#8220;PT falhou ao secundarizar a pauta da sociedade&#8221;, diz Wasny de Roure ap\u00f3s deixar o partido"},"content":{"rendered":"<p><strong><em>\u00c0 QUEIMA-ROUPA<\/em><\/strong><\/p>\n<p>Wasny de Roure<br \/>\nEx-deputado distrital (PDT)<\/p>\n<p><strong>Depois de mais de 30 anos no PT, por que mudar de partido?<\/strong><\/p>\n<p>Minha desfilia\u00e7\u00e3o se deu face \u00e0s dificuldades internas enfrentadas na \u00faltima campanha. Percebi falta de engajamento de parte da milit\u00e2ncia em defender meu nome diante do pleito que enfrentamos.<\/p>\n<p><strong>Por que escolheu o PDT?<\/strong><\/p>\n<p>Optei pelo PDT pela sua hist\u00f3ria e identidade de democracia participativa, educa\u00e7\u00e3o de qualidade para crian\u00e7as e jovens e, ainda, o compromisso e envolvimento na luta dos trabalhadores e por seus direitos.<\/p>\n<p><strong>Houve outros convites?<\/strong><\/p>\n<p>Sim, do PCdoB, PSol, Rede, PDT, PSDB, PPL e PTB.<\/p>\n<p><strong>Acha que o PT erra ao manter um projeto em torno do Lula, que est\u00e1 condenado e ineleg\u00edvel, embora livre da pris\u00e3o?<\/strong><\/p>\n<p>O PT, com a condena\u00e7\u00e3o de Lula e sua pris\u00e3o, n\u00e3o tinha outra op\u00e7\u00e3o sen\u00e3o manter total solidariedade e defesa do seu principal l\u00edder. Mas falhou ao secundarizar a pauta da sociedade em momento crucial de nossa hist\u00f3ria. Vide a demora do surgimento da candidatura de Haddad. Lula tem habilidades suficientes para entender a ang\u00fastia da sociedade.<\/p>\n<p><strong>Por que o PT de Bras\u00edlia perdeu tantos eleitores?<\/strong><\/p>\n<p>O PT-DF tem permitido o protagonismo da luta interna, esquecendo-se da rica milit\u00e2ncia e do seus experientes quadros, e se afastando da vida cotidiana da cidade e dos movimentos sociais.<br \/>\nO distanciamento do di\u00e1logo com as igrejas, setor produtivo e outras formas de organiza\u00e7\u00e3o tem impedido um conhecimento mais aprofundado do povo.<\/p>\n<p><strong>Deixa a legenda com m\u00e1goa?<\/strong><\/p>\n<p>De forma alguma. Foi um aprendizado. J\u00e1 havia ocorrido outros momentos em que o meu nome n\u00e3o era interesse do comando partid\u00e1rio, no entanto, a vida continua. Agrade\u00e7o e acredito que honrei o partido e seu compromisso com os trabalhadores.<\/p>\n<p><strong>Ainda votaria em Lula?<\/strong><\/p>\n<p>Em toda minha vida p\u00fablica, sempre fui fiel aos preceitos partid\u00e1rios constru\u00eddos de forma democr\u00e1tica. Hoje no PDT tenho o compromisso de apoiar aquilo que for decidido em colegiado. Primeiro precisamos construir um projeto nacional com prioridades claras e reaglutinar a esquerda em condi\u00e7\u00f5es de dialogar com partidos do centro onde n\u00e3o sejam meros coadjuvantes.<\/p>\n<p><strong>Por que o eleitor do DF se tornou t\u00e3o conservador, a ponto de Bolsonaro reinar no DF?<\/strong><\/p>\n<p>Para meu espanto, o conservadorismo, hoje, n\u00e3o \u00e9 privil\u00e9gio do DF, trata-se de uma tend\u00eancia global. Ao ler &#8220;1968 Eles s\u00f3 queriam mudar o mundo&#8221;, de Regina Zappa e Ernesto Soto, percebemos a preocupa\u00e7\u00e3o desses jornalistas em divulgar a luta daqueles jovens e por tudo que passaram em busca de um estado democr\u00e1tico de direito. O intuito era n\u00e3o permitir que outras gera\u00e7\u00f5es retrocedessem, no entanto, o atual momento em que vivemos mostra que h\u00e1 grande risco de vivermos &#8220;anos de chumbo&#8221;.<\/p>\n","protected":false},"excerpt":{"rendered":"<p>\u00c0 QUEIMA-ROUPA Wasny de Roure Ex-deputado distrital (PDT) Depois de mais de 30 anos no PT, por que mudar de partido? Minha desfilia\u00e7\u00e3o se deu face \u00e0s dificuldades internas enfrentadas na \u00faltima campanha. Percebi falta de engajamento de parte da milit\u00e2ncia em defender meu nome diante do pleito que enfrentamos. Por que escolheu o PDT? Optei pelo PDT pela sua [&hellip;]<\/p>\n","protected":false},"author":9,"featured_media":14782,"comment_status":"open","ping_status":"closed","sticky":false,"template":"","format":"standard","meta":{"footnotes":""},"categories":[234],"tags":[],"class_list":["post-16908","post","type-post","status-publish","format-standard","has-post-thumbnail","hentry","category-cb-poder"],"_links":{"self":[{"href":"https:\/\/blogs.correiobraziliense.com.br\/cbpoder\/wp-json\/wp\/v2\/posts\/16908","targetHints":{"allow":["GET"]}}],"collection":[{"href":"https:\/\/blogs.correiobraziliense.com.br\/cbpoder\/wp-json\/wp\/v2\/posts"}],"about":[{"href":"https:\/\/blogs.correiobraziliense.com.br\/cbpoder\/wp-json\/wp\/v2\/types\/post"}],"author":[{"embeddable":true,"href":"https:\/\/blogs.correiobraziliense.com.br\/cbpoder\/wp-json\/wp\/v2\/users\/9"}],"replies":[{"embeddable":true,"href":"https:\/\/blogs.correiobraziliense.com.br\/cbpoder\/wp-json\/wp\/v2\/comments?post=16908"}],"version-history":[{"count":1,"href":"https:\/\/blogs.correiobraziliense.com.br\/cbpoder\/wp-json\/wp\/v2\/posts\/16908\/revisions"}],"predecessor-version":[{"id":16909,"href":"https:\/\/blogs.correiobraziliense.com.br\/cbpoder\/wp-json\/wp\/v2\/posts\/16908\/revisions\/16909"}],"wp:featuredmedia":[{"embeddable":true,"href":"https:\/\/blogs.correiobraziliense.com.br\/cbpoder\/wp-json\/wp\/v2\/media\/14782"}],"wp:attachment":[{"href":"https:\/\/blogs.correiobraziliense.com.br\/cbpoder\/wp-json\/wp\/v2\/media?parent=16908"}],"wp:term":[{"taxonomy":"category","embeddable":true,"href":"https:\/\/blogs.correiobraziliense.com.br\/cbpoder\/wp-json\/wp\/v2\/categories?post=16908"},{"taxonomy":"post_tag","embeddable":true,"href":"https:\/\/blogs.correiobraziliense.com.br\/cbpoder\/wp-json\/wp\/v2\/tags?post=16908"}],"curies":[{"name":"wp","href":"https:\/\/api.w.org\/{rel}","templated":true}]}}