{"id":16905,"date":"2019-11-18T07:51:19","date_gmt":"2019-11-18T10:51:19","guid":{"rendered":"https:\/\/blogs.correiobraziliense.com.br\/cbpoder\/?p=16905"},"modified":"2019-11-18T07:51:19","modified_gmt":"2019-11-18T10:51:19","slug":"humor-do-eleitorado-nas-urnas-em-2020-vai-indicar-o-rumo-do-mdb","status":"publish","type":"post","link":"https:\/\/blogs.correiobraziliense.com.br\/cbpoder\/humor-do-eleitorado-nas-urnas-em-2020-vai-indicar-o-rumo-do-mdb\/","title":{"rendered":"Humor do eleitorado nas urnas em 2020 vai indicar o rumo do MDB"},"content":{"rendered":"<h6><strong>Coluna Eixo Capital\/Por Ana Maria Campos<\/strong><\/h6>\n<p>As elei\u00e7\u00f5es municipais do pr\u00f3ximo ano ser\u00e3o um qualifying para o futuro pol\u00edtico do governador Ibaneis Rocha (MDB). Com antigos caciques nacionais do MDB fora do jogo pol\u00edtico, ele se tornou um nome mais forte na legenda. Como a coluna mostrou ao longo da semana passada, Ibaneis j\u00e1 come\u00e7ou a participar de eventos em munic\u00edpios administrados por seu partido, principalmente onde h\u00e1 potenciais candidatos \u00e0 reelei\u00e7\u00e3o. <a href=\"https:\/\/blogs.correiobraziliense.com.br\/cbpoder\/ibaneis-defende-alternativa-de-poder-ao-centro-nem-direita-nem-esquerda\/\">Esteve em Petrolina<\/a> e <a href=\"https:\/\/blogs.correiobraziliense.com.br\/cbpoder\/ibaneis-confirma-presenca-em-evento-de-prefeito-do-mdb-em-cuiaba\/\">confirmou presen\u00e7a amanh\u00e3 em Cuiab\u00e1<\/a>. Ibaneis defende um projeto de poder alternativo a Lula e Bolsonaro que se fortalecer\u00e1 se o MDB conseguir vota\u00e7\u00e3o expressiva nas prefeituras. O humor do eleitorado nas urnas em 2020, mais \u00e0 direita, \u00e0 esquerda, ou moderado, vai indicar o rumo do MDB.<\/p>\n<h2>\n<strong>CPI do Feminic\u00eddio desfalcada<\/strong><\/h2>\n<p>Sem a presidente, Telma Rufino (Pros), <a href=\"https:\/\/blogs.correiobraziliense.com.br\/cbpoder\/delegado-fernando-fernandes-deixa-administracao-de-ceilandia-e-volta-a-camara\/\">que deixou a C\u00e2mara com o retorno de Fernando Fernandes ao mandato<\/a>, a CPI do Feminic\u00eddio come\u00e7a capenga. Apenas uma mulher, a deputada Arlete Sampaio (PT), est\u00e1 na composi\u00e7\u00e3o. \u00c9 preciso definir quem vai para a presid\u00eancia e se o Deputado Hermeto (MDB) ser\u00e1 membro. Em meio a uma separa\u00e7\u00e3o conflituosa da mulher que o acusa de agress\u00e3o, Hermeto deseja participar das investiga\u00e7\u00f5es.<\/p>\n<h2>\n<strong>Expectativa na PM<\/strong><\/h2>\n<p>A semana ser\u00e1 de expectativa para policiais e bombeiros militares com a proposta de reajuste equiparado aos de policiais civis. V\u00e1rias planilhas circulam entre integrantes das for\u00e7as de seguran\u00e7a. Mas vale o que chegar \u00e0 m\u00e3o do presidente Jair Bolsonaro.<\/p>\n<h2><strong>Elogios<\/strong><\/h2>\n<p>O secret\u00e1rio de Governo, Jos\u00e9 Humberto Pires, tem conquistado elogios at\u00e9 da oposi\u00e7\u00e3o. Em entrevista ao programa CB.Poder na \u00faltima segunda-feira, a deputada Arlete Sampaio (PT) comentou a efici\u00eancia do bra\u00e7o direito do governador Ibaneis Rocha (MDB).<\/p>\n<h2>\n<strong>Mandou bem<\/strong><\/h2>\n<p>A brasiliense Ana Paula Nunes pode ser a primeira astronauta brasileira. Engenheira aeroespacial formada na UnB, ela faz mestrado na China e foi selecionada para integrar miss\u00e3o que simula ambiente lunar.<\/p>\n<h2>\n<strong>Mandou mal<\/strong><\/h2>\n<p>A Embaixada da R\u00fassia em Londres cometeu uma gafe ao publicar foto do ex-presidente Michel Temer no lugar do atual, Jair Bolsonaro, numa refer\u00eancia \u00e0 C\u00fapula do Brics em Bras\u00edlia.<\/p>\n<h2>\n<strong>A pergunta que n\u00e3o quer calar\u2026.<\/strong><\/h2>\n<p>O presidente do STF, Dias Toffoli, pode ter acesso a dados de mais de seis mil contribuintes sem uma justificativa legal?<\/p>\n<h2>\n<strong>As mulheres no marketing pol\u00edtico<\/strong><\/h2>\n<p>Com dois pain\u00e9is sobre mandatos midi\u00e1ticos e mobiliza\u00e7\u00e3o, ser\u00e1 realizado, nesta segunda-feira, o \u201cF\u00f3rum Pol\u00edtica por Elas\u201d. O objetivo \u00e9 debater e ampliar o entendimento e a visibilidade do mercado de profissionais de assessoria, marketing e comunica\u00e7\u00e3o pol\u00edtica, al\u00e9m dos desafios a serem superados por mulheres que atuam nessa \u00e1rea. A iniciativa \u00e9 organizada pela escola de marketing pol\u00edtico Presen\u00e7a On-line, com o apoio do gabinete da deputada federal Perp\u00e9tua Almeida, da Associa\u00e7\u00e3o Brasileira dos Profissionais de Comunica\u00e7\u00e3o e Marketing Pol\u00edtico (Abracomp) e do<strong> Correio Braziliense<\/strong>. O evento ser\u00e1 realizado no plen\u00e1rio 1 do Anexo II da C\u00e2mara dos Deputados e as inscri\u00e7\u00f5es s\u00e3o gratuitas no endere\u00e7o<a href=\"http:\/\/politicaporelas.com.br\"> politicaporelas.com.br<\/a>.<\/p>\n<blockquote><p>\u201cQuero agradecer de cora\u00e7\u00e3o toda solidariedade que tenho recebido. Aqui e no mundo inteiro. Nunca imaginei essa acolhida. At\u00e9 brinquei que estava mais popular no mundo do que o presidente eleito\u201d<\/p><\/blockquote>\n<p style=\"text-align: right\"><strong>Ex-presidente Luiz In\u00e1cio Lula da Silva<\/strong><\/p>\n<blockquote><p>\u201cLula sofre de amn\u00e9sia seletiva. Derrotei seu pupilo Fernando Haddad em SP, mesmo com o apoio dele. Isso ele n\u00e3o lembra. Pausa e menopausa \u00e9 a passagem do Lula pela cadeia. Quando voc\u00ea menos esperar, ele volta: para o pres\u00eddio\u201d<\/p><\/blockquote>\n<p style=\"text-align: right\"><strong>Governador de S\u00e3o Paulo, Jo\u00e3o Doria (PSDB)<\/strong><\/p>\n","protected":false},"excerpt":{"rendered":"<p>Coluna Eixo Capital\/Por Ana Maria Campos As elei\u00e7\u00f5es municipais do pr\u00f3ximo ano ser\u00e3o um qualifying para o futuro pol\u00edtico do governador Ibaneis Rocha (MDB). Com antigos caciques nacionais do MDB fora do jogo pol\u00edtico, ele se tornou um nome mais forte na legenda. Como a coluna mostrou ao longo da semana passada, Ibaneis j\u00e1 come\u00e7ou a participar de eventos em [&hellip;]<\/p>\n","protected":false},"author":9,"featured_media":16906,"comment_status":"open","ping_status":"closed","sticky":false,"template":"","format":"standard","meta":{"footnotes":""},"categories":[234],"tags":[],"class_list":["post-16905","post","type-post","status-publish","format-standard","has-post-thumbnail","hentry","category-cb-poder"],"_links":{"self":[{"href":"https:\/\/blogs.correiobraziliense.com.br\/cbpoder\/wp-json\/wp\/v2\/posts\/16905","targetHints":{"allow":["GET"]}}],"collection":[{"href":"https:\/\/blogs.correiobraziliense.com.br\/cbpoder\/wp-json\/wp\/v2\/posts"}],"about":[{"href":"https:\/\/blogs.correiobraziliense.com.br\/cbpoder\/wp-json\/wp\/v2\/types\/post"}],"author":[{"embeddable":true,"href":"https:\/\/blogs.correiobraziliense.com.br\/cbpoder\/wp-json\/wp\/v2\/users\/9"}],"replies":[{"embeddable":true,"href":"https:\/\/blogs.correiobraziliense.com.br\/cbpoder\/wp-json\/wp\/v2\/comments?post=16905"}],"version-history":[{"count":1,"href":"https:\/\/blogs.correiobraziliense.com.br\/cbpoder\/wp-json\/wp\/v2\/posts\/16905\/revisions"}],"predecessor-version":[{"id":16907,"href":"https:\/\/blogs.correiobraziliense.com.br\/cbpoder\/wp-json\/wp\/v2\/posts\/16905\/revisions\/16907"}],"wp:featuredmedia":[{"embeddable":true,"href":"https:\/\/blogs.correiobraziliense.com.br\/cbpoder\/wp-json\/wp\/v2\/media\/16906"}],"wp:attachment":[{"href":"https:\/\/blogs.correiobraziliense.com.br\/cbpoder\/wp-json\/wp\/v2\/media?parent=16905"}],"wp:term":[{"taxonomy":"category","embeddable":true,"href":"https:\/\/blogs.correiobraziliense.com.br\/cbpoder\/wp-json\/wp\/v2\/categories?post=16905"},{"taxonomy":"post_tag","embeddable":true,"href":"https:\/\/blogs.correiobraziliense.com.br\/cbpoder\/wp-json\/wp\/v2\/tags?post=16905"}],"curies":[{"name":"wp","href":"https:\/\/api.w.org\/{rel}","templated":true}]}}