{"id":16821,"date":"2019-11-04T19:28:24","date_gmt":"2019-11-04T22:28:24","guid":{"rendered":"https:\/\/blogs.correiobraziliense.com.br\/cbpoder\/?p=16821"},"modified":"2019-11-04T19:28:24","modified_gmt":"2019-11-04T22:28:24","slug":"funcionario-fantasma-e-condenado-a-ressarcir-gdf","status":"publish","type":"post","link":"https:\/\/blogs.correiobraziliense.com.br\/cbpoder\/funcionario-fantasma-e-condenado-a-ressarcir-gdf\/","title":{"rendered":"Funcion\u00e1rio fantasma \u00e9 condenado a ressarcir GDF"},"content":{"rendered":"<p>Um ex-servidor p\u00fablico foi condenado a devolver R$ 18,7 mil aos cofres p\u00fablicos do Distrito Federal por ter recebido sal\u00e1rio sem ter comparecido ao trabalho, de acordo com auditoria t\u00e9cnica do pr\u00f3prio GDF.<\/p>\n<p>O servidor foi nomeado em agosto de 2014 para exercer cargo de comiss\u00e3o na Subsecretaria de Administra\u00e7\u00e3o Geral da Vice-Governadoria do DF.<\/p>\n<p>Ap\u00f3s inspe\u00e7\u00e3o, o governo local verificou que o funcion\u00e1rio estava lotado em outro setor e era desconhecido pelo chefe da \u00e1rea em que trabalhava.<\/p>\n<p>O processo administrativo concluiu que havia a responsabilidade do servidor e entendeu que existia a necessidade de ressarcimento.<\/p>\n<p>O processo foi remetido \u00e0 Procuradoria Geral do DF e e o r\u00e9u foi notificado extrajudicialmente para tentar um acordo amig\u00e1vel com a devolu\u00e7\u00e3o dos valores irregulares. O ex-servidor, no entanto, n\u00e3o se pronunciou.<\/p>\n<p>\u201cA prova documental acostada (&#8230;) demonstra que o r\u00e9u, submetido a processo administrativo e judicial, sob crivos rigorosos do contradit\u00f3rio, da ampla defesa e da legalidade, n\u00e3o se desincumbiu de comprovar qualquer elemento que afastasse a sua responsabilidade pelo dano causado\u201d, diz trecho da decis\u00e3o \u00e9 do juiz substituto da 2\u00aa Vara da Fazenda P\u00fablica do DF, Mario Henrique Silveira.<\/p>\n<p>O magistrado acatou os pedidos do DF e determinou a devolu\u00e7\u00e3o do valor.\u00a0\u201cVisto \u00e0 revelia da parte r\u00e9 e a presun\u00e7\u00e3o de veracidade dos atos praticados pelo Distrito Federal, pressupondo-se verdadeiros os fatos alegados na inicial, a proced\u00eancia dos pedidos \u00e9 medida que se imp\u00f5e\u201d, decidiu.<\/p>\n","protected":false},"excerpt":{"rendered":"<p>Um ex-servidor p\u00fablico foi condenado a devolver R$ 18,7 mil aos cofres p\u00fablicos do Distrito Federal por ter recebido sal\u00e1rio sem ter comparecido ao trabalho, de acordo com auditoria t\u00e9cnica do pr\u00f3prio GDF. O servidor foi nomeado em agosto de 2014 para exercer cargo de comiss\u00e3o na Subsecretaria de Administra\u00e7\u00e3o Geral da Vice-Governadoria do DF. Ap\u00f3s inspe\u00e7\u00e3o, o governo local [&hellip;]<\/p>\n","protected":false},"author":75,"featured_media":16822,"comment_status":"open","ping_status":"closed","sticky":false,"template":"","format":"standard","meta":{"footnotes":""},"categories":[6],"tags":[],"class_list":["post-16821","post","type-post","status-publish","format-standard","has-post-thumbnail","hentry","category-noticias"],"_links":{"self":[{"href":"https:\/\/blogs.correiobraziliense.com.br\/cbpoder\/wp-json\/wp\/v2\/posts\/16821","targetHints":{"allow":["GET"]}}],"collection":[{"href":"https:\/\/blogs.correiobraziliense.com.br\/cbpoder\/wp-json\/wp\/v2\/posts"}],"about":[{"href":"https:\/\/blogs.correiobraziliense.com.br\/cbpoder\/wp-json\/wp\/v2\/types\/post"}],"author":[{"embeddable":true,"href":"https:\/\/blogs.correiobraziliense.com.br\/cbpoder\/wp-json\/wp\/v2\/users\/75"}],"replies":[{"embeddable":true,"href":"https:\/\/blogs.correiobraziliense.com.br\/cbpoder\/wp-json\/wp\/v2\/comments?post=16821"}],"version-history":[{"count":1,"href":"https:\/\/blogs.correiobraziliense.com.br\/cbpoder\/wp-json\/wp\/v2\/posts\/16821\/revisions"}],"predecessor-version":[{"id":16823,"href":"https:\/\/blogs.correiobraziliense.com.br\/cbpoder\/wp-json\/wp\/v2\/posts\/16821\/revisions\/16823"}],"wp:featuredmedia":[{"embeddable":true,"href":"https:\/\/blogs.correiobraziliense.com.br\/cbpoder\/wp-json\/wp\/v2\/media\/16822"}],"wp:attachment":[{"href":"https:\/\/blogs.correiobraziliense.com.br\/cbpoder\/wp-json\/wp\/v2\/media?parent=16821"}],"wp:term":[{"taxonomy":"category","embeddable":true,"href":"https:\/\/blogs.correiobraziliense.com.br\/cbpoder\/wp-json\/wp\/v2\/categories?post=16821"},{"taxonomy":"post_tag","embeddable":true,"href":"https:\/\/blogs.correiobraziliense.com.br\/cbpoder\/wp-json\/wp\/v2\/tags?post=16821"}],"curies":[{"name":"wp","href":"https:\/\/api.w.org\/{rel}","templated":true}]}}