{"id":16793,"date":"2019-11-04T07:57:44","date_gmt":"2019-11-04T10:57:44","guid":{"rendered":"https:\/\/blogs.correiobraziliense.com.br\/cbpoder\/?p=16793"},"modified":"2019-11-04T07:57:44","modified_gmt":"2019-11-04T10:57:44","slug":"reajuste-para-militares-do-df-sera-encaminhado-em-breve","status":"publish","type":"post","link":"https:\/\/blogs.correiobraziliense.com.br\/cbpoder\/reajuste-para-militares-do-df-sera-encaminhado-em-breve\/","title":{"rendered":"Reajuste para militares do DF ser\u00e1 encaminhado em breve"},"content":{"rendered":"<h6><strong>Coluna Eixo Capital\/Por Alexandre de Paula<\/strong><\/h6>\n<p>A proposta de reajuste para policiais militares e bombeiros est\u00e1 em prepara\u00e7\u00e3o no GDF e deve ser encaminhada logo para o governo federal. Por\u00e9m, n\u00e3o era inten\u00e7\u00e3o do Executivo local que o texto fosse fechado por agora. A equipe econ\u00f4mica preferia acertar as contas antes de encaminhar o aumento. <a href=\"https:\/\/blogs.correiobraziliense.com.br\/cbpoder\/bolsonaro-salario-pcdf-pm\/\">Mas houve press\u00e3o pol\u00edtica causada pela declara\u00e7\u00e3o do presidente Jair Bolsonaro (PSL) de que s\u00f3 apoiaria a concess\u00e3o da paridade da Pol\u00edcia Civil com a Federal caso o reajuste fosse dado tamb\u00e9m a militares<\/a>. Ficou insustent\u00e1vel segurar o texto por mais muito tempo. A proposta para a PCDF est\u00e1 no Minist\u00e9rio da Economia desde fevereiro.<\/p>\n<h2><strong>A pergunta que n\u00e3o quer calar\u2026.<\/strong><\/h2>\n<p>Quando as declara\u00e7\u00f5es dos filhos do presidente da Rep\u00fablica, Jair Bolsonaro (PSL), v\u00e3o deixar de criar sucessivas crises pol\u00edticas no pa\u00eds?<\/p>\n<h2><strong>Siga o dinheiro<\/strong><\/h2>\n<p>R$ 2.418.720 &#8211; Contrato firmado pela Secretaria de Sa\u00fade com empresa para presta\u00e7\u00e3o de servi\u00e7os de resson\u00e2ncia nuclear magn\u00e9tica com vig\u00eancia de 12 meses<\/p>\n<h2><strong>Proje\u00e7\u00e3o nacional<\/strong><\/h2>\n<p><a href=\"https:\/\/blogs.correiobraziliense.com.br\/cbpoder\/mdb-quer-ibaneis-candidato-a-presidencia-em-2022\/\">O desejo do MDB de emplacar uma candidatura do governador Ibaneis Rocha (MDB) \u00e0 presid\u00eancia da Rep\u00fablica<\/a> \u00e9 dependente de que o advogado consiga se destacar no cen\u00e1rio do pa\u00eds. Ibaneis ter\u00e1 de tra\u00e7ar estrat\u00e9gias para aparecer nacionalmente e competir\u00e1 com outros poss\u00edveis candidatos muito mais conhecidos, como o governador de S\u00e3o Paulo, Jo\u00e3o Doria. Para isso, \u00e9 fundamental agradar primeiro \u00e0 popula\u00e7\u00e3o do DF. Sem um governo aprovado pelos brasilienses, ser\u00e1 dif\u00edcil decolar. A tarefa n\u00e3o \u00e9 f\u00e1cil, ainda mais levando-se em conta o fracasso dos antecessores na tentativa de se reeleger.<\/p>\n<h2><strong>Primeira-dama em evid\u00eancia<\/strong><\/h2>\n<p>A primeira-dama do Distrito Federal, Mayara Noronha, tamb\u00e9m tem buscado mais holofotes. Ela est\u00e1 \u00e0 frente de programas voltados para a primeira inf\u00e2ncia e representou o DF em algumas ocasi\u00f5es. Nesta semana, participou de dois eventos importantes no cen\u00e1rio nacional: o an\u00fancio de um programa de de cinema inclusivo no Minist\u00e9rio da Educa\u00e7\u00e3o, em que se sentou ao lado do chefe da pasta e dividiu a mesa com a primeira-dama do pa\u00eds, Michelle Bolsonaro; e um evento em Goi\u00e1s para o lan\u00e7amento de uma plataforma on-line de voluntariado.<\/p>\n<h2><strong>Lei do sil\u00eancio de volta<\/strong><\/h2>\n<p>Multas aplicadas a um restaurante da Asa Norte trouxeram de volta a discuss\u00e3o sobre a Lei do Sil\u00eancio e os limites estabelecidos para a emiss\u00e3o de sons no Distrito Federal. De um lado, a posi\u00e7\u00e3o de artistas e estabelecimentos que defendem que a m\u00fasica deve ser tolerada e n\u00e3o pode ser considerada barulho; e j\u00e1 organizam manifesta\u00e7\u00f5es. De outro, o argumento de moradores que reclamam de excessos. Na C\u00e2mara Legislativa, o tema deve voltar ao debate em breve com um novo projeto sobre o assunto. Na legislatura passada, um PL que flexibilizava as regras foi engavetado ap\u00f3s diversas tentativas de avaliar a quest\u00e3o.<\/p>\n<h2><strong>GDF investiu R$ 5,8 milh\u00f5es em manuten\u00e7\u00e3o de rodovi\u00e1rias<\/strong><\/h2>\n<p>Em 2019, a manuten\u00e7\u00e3o dos terminais rodovi\u00e1rios do DF custou cerca de R$ 5,8 milh\u00f5es aos cofres do GDF. Os n\u00fameros s\u00e3o de valores liquidados e est\u00e3o dispon\u00edveis no Portal da Transpar\u00eancia. Do total, R$ 961 mil foram investidos na Rodovi\u00e1ria do Plano Piloto. O local precisou de obras emergenciais depois de t\u00e9cnicos do governo detectarem problemas graves na estrutura. Havia risco at\u00e9 de desabamentos.<\/p>\n<h2>\n<strong>Mandou bem<\/strong><\/h2>\n<p>Nova vers\u00e3o do Portal da Transpar\u00eancia do DF, lan\u00e7ada nesta semana pela Controladoria-geral do DF, facilita o acesso a informa\u00e7\u00f5es relevantes para a popula\u00e7\u00e3o.<\/p>\n<p><strong>Mandou mal<\/strong><\/p>\n<p>O deputado federal Eduardo Bolsonaro (PSL-SP), filho do presidente, ao levantar a possibilidade de uma edi\u00e7\u00e3o de um novo AI-5 e insinuar um retorno ao per\u00edodo ditatorial.<\/p>\n<h2><strong>Redu\u00e7\u00e3o<\/strong><\/h2>\n<p>O GDF encaminhou \u00e0 C\u00e2mara Legislativa uma Proposta de Emendas \u00e0 Lei Org\u00e2nica (Pelo) que reduz o percentual m\u00ednimo de investimento no Fundo de Apoio \u00e0 Pesquisa do DF (FAP) de 2% para 0,3%. Segundo o Executivo, a dota\u00e7\u00e3o obrigat\u00f3ria no or\u00e7amento hoje \u00e9 muito maior do que o investimento de fato empenhado. A mudan\u00e7a corrigiria essa distor\u00e7\u00e3o. A altera\u00e7\u00e3o enfrenta resist\u00eancia de um grupo de distritais que elaborou nota contra a proposi\u00e7\u00e3o. \u201cA proposta coloca a capital do pa\u00eds na contram\u00e3o do desenvolvimento e do caminho de sucesso de outros entes da federa\u00e7\u00e3o\u201d, diz trecho do manifesto. F\u00e1bio F\u00e9lix (PSol), Arlete Sampaio (PT), Leandro Grass (Rede), Reginaldo Veras (PDT) e Chico Vigilante (PT) assinam o texto.<\/p>\n<blockquote>\n<p style=\"text-align: right\">\u201cA simples tentativa de cassar o mandato de um deputado por falar j\u00e1 \u00e9 o pr\u00f3prio AI-6.\u201d<br \/>\nFl\u00e1vio Bolsonaro PSL-RJ), senador<\/p>\n<p style=\"text-align: right\">\n\u201cAo falar de AI-6, o cl\u00e3 Bolsonaro mostra que n\u00e3o entende nada de democracia nem de Hist\u00f3ria.\u201d<br \/>\nMarcelo Freixo (PSol-RH), deputado federal<\/p>\n<\/blockquote>\n","protected":false},"excerpt":{"rendered":"<p>Coluna Eixo Capital\/Por Alexandre de Paula A proposta de reajuste para policiais militares e bombeiros est\u00e1 em prepara\u00e7\u00e3o no GDF e deve ser encaminhada logo para o governo federal. Por\u00e9m, n\u00e3o era inten\u00e7\u00e3o do Executivo local que o texto fosse fechado por agora. A equipe econ\u00f4mica preferia acertar as contas antes de encaminhar o aumento. Mas houve press\u00e3o pol\u00edtica causada [&hellip;]<\/p>\n","protected":false},"author":75,"featured_media":7699,"comment_status":"open","ping_status":"closed","sticky":false,"template":"","format":"standard","meta":{"footnotes":""},"categories":[234],"tags":[],"class_list":["post-16793","post","type-post","status-publish","format-standard","has-post-thumbnail","hentry","category-cb-poder"],"_links":{"self":[{"href":"https:\/\/blogs.correiobraziliense.com.br\/cbpoder\/wp-json\/wp\/v2\/posts\/16793","targetHints":{"allow":["GET"]}}],"collection":[{"href":"https:\/\/blogs.correiobraziliense.com.br\/cbpoder\/wp-json\/wp\/v2\/posts"}],"about":[{"href":"https:\/\/blogs.correiobraziliense.com.br\/cbpoder\/wp-json\/wp\/v2\/types\/post"}],"author":[{"embeddable":true,"href":"https:\/\/blogs.correiobraziliense.com.br\/cbpoder\/wp-json\/wp\/v2\/users\/75"}],"replies":[{"embeddable":true,"href":"https:\/\/blogs.correiobraziliense.com.br\/cbpoder\/wp-json\/wp\/v2\/comments?post=16793"}],"version-history":[{"count":1,"href":"https:\/\/blogs.correiobraziliense.com.br\/cbpoder\/wp-json\/wp\/v2\/posts\/16793\/revisions"}],"predecessor-version":[{"id":16794,"href":"https:\/\/blogs.correiobraziliense.com.br\/cbpoder\/wp-json\/wp\/v2\/posts\/16793\/revisions\/16794"}],"wp:featuredmedia":[{"embeddable":true,"href":"https:\/\/blogs.correiobraziliense.com.br\/cbpoder\/wp-json\/wp\/v2\/media\/7699"}],"wp:attachment":[{"href":"https:\/\/blogs.correiobraziliense.com.br\/cbpoder\/wp-json\/wp\/v2\/media?parent=16793"}],"wp:term":[{"taxonomy":"category","embeddable":true,"href":"https:\/\/blogs.correiobraziliense.com.br\/cbpoder\/wp-json\/wp\/v2\/categories?post=16793"},{"taxonomy":"post_tag","embeddable":true,"href":"https:\/\/blogs.correiobraziliense.com.br\/cbpoder\/wp-json\/wp\/v2\/tags?post=16793"}],"curies":[{"name":"wp","href":"https:\/\/api.w.org\/{rel}","templated":true}]}}