{"id":16780,"date":"2019-10-31T18:34:35","date_gmt":"2019-10-31T21:34:35","guid":{"rendered":"https:\/\/blogs.correiobraziliense.com.br\/cbpoder\/?p=16780"},"modified":"2019-10-31T18:34:35","modified_gmt":"2019-10-31T21:34:35","slug":"stf-reconhece-competencia-do-tcu-para-fiscalizar-recursos-do-fundo-constitucional","status":"publish","type":"post","link":"https:\/\/blogs.correiobraziliense.com.br\/cbpoder\/stf-reconhece-competencia-do-tcu-para-fiscalizar-recursos-do-fundo-constitucional\/","title":{"rendered":"STF reconhece compet\u00eancia do TCU para fiscalizar recursos do Fundo Constitucional"},"content":{"rendered":"<p>A 2\u00aa Turma do Supremo Tribunal Federal (STF) decidiu que Tribunal de Contas da Uni\u00e3o (TCU) tem compet\u00eancia para fiscalizar a verba do Fundo Constitucional do Distrito Federal.<\/p>\n<p>Acompanhando a decis\u00e3o individual do ministro Ricardo Lewandowski, a Turma negou recurso apresentado pelo Governo do Distrito Federal questionando decis\u00f5es do TCU, de 2009, sobre o pagamento de gratifica\u00e7\u00f5es a comandantes da Pol\u00edcia Militar e do Corpo de Bombeiros com recursos do fundo.<\/p>\n<p>O GDF alegava, no mandado de seguran\u00e7a, que o TCU n\u00e3o poderia fiscalizar o uso de recursos do Fundo Constitucional porque as verbas n\u00e3o pertencem \u00e0 Uni\u00e3o, pois, ao ser repassados para a manuten\u00e7\u00e3o da seguran\u00e7a p\u00fablica, passam a integrar o patrim\u00f4nio distrital.<\/p>\n<p>Nesse sentido, o governo sustentou que a atua\u00e7\u00e3o do TCU em recursos do Fundo Constitucional representaria inger\u00eancia indevida da Uni\u00e3o em um ente federado.<\/p>\n<p>Ao votar, na ter\u00e7a-feira (29\/10), o ministro Edson Fachin, atual relator do mandado, afirmou que, segundo jurisprud\u00eancia do Supremo, cabe exclusivamente \u00e0 Uni\u00e3o legislar sobre o regime jur\u00eddico das for\u00e7as de seguran\u00e7a do DF e o sal\u00e1rio de policiais e bombeiros da capital s\u00e3o responsabilidade dos cofres federais.<\/p>\n<p>Por isso, na avalia\u00e7\u00e3o dele, reconhecer a compet\u00eancia do TCU para fiscalizar esses recursos \u00e9 obrigat\u00f3rio.<\/p>\n<p><strong>Pol\u00eamicas<\/strong><\/p>\n<p>Neste ano, duas decis\u00f5es pol\u00eamicas do TCU sobre o uso de recursos do Fundo Constitucional impactaram o GDF. Uma delas proibiu o uso de recursos do Fundo Constitucional do DF (FCDF) para o pagamento de aposentadorias e pens\u00f5es de servidores da sa\u00fade e da educa\u00e7\u00e3o.<\/p>\n<p>Em mar\u00e7o, a Corte de Contas determinou que o GDF parasse de recolher o Imposto de Renda incidente sobre os sal\u00e1rios e proventos de funcion\u00e1rios da Pol\u00edcia Militar, da Pol\u00edcia Civil e do Corpo de Bombeiros. As remunera\u00e7\u00f5es desses profissionais s\u00e3o pagas com recursos do FCDF, abastecido pelo Tesouro Nacional.<\/p>\n<p>A decis\u00e3o implicaria uma baixa anual na arrecada\u00e7\u00e3o de R$ 680 milh\u00f5es. \u00c0 \u00e9poca, o TCU imputou ao DF uma d\u00edvida de R$ 10 bilh\u00f5es, referentes ao passivo acumulado desde 2003, desde a cria\u00e7\u00e3o do FCDF. Para reverter o cen\u00e1rio, o Executivo local recorreu ao STF. Relator da mat\u00e9ria, o ministro Marco Aur\u00e9lio de Mello suspendeu de forma liminar o ac\u00f3rd\u00e3o. O plen\u00e1rio da Corte Suprema n\u00e3o deliberou de forma definitiva sobre o assunto.<\/p>\n","protected":false},"excerpt":{"rendered":"<p>A 2\u00aa Turma do Supremo Tribunal Federal (STF) decidiu que Tribunal de Contas da Uni\u00e3o (TCU) tem compet\u00eancia para fiscalizar a verba do Fundo Constitucional do Distrito Federal. Acompanhando a decis\u00e3o individual do ministro Ricardo Lewandowski, a Turma negou recurso apresentado pelo Governo do Distrito Federal questionando decis\u00f5es do TCU, de 2009, sobre o pagamento de gratifica\u00e7\u00f5es a comandantes da [&hellip;]<\/p>\n","protected":false},"author":75,"featured_media":12381,"comment_status":"open","ping_status":"closed","sticky":false,"template":"","format":"standard","meta":{"footnotes":""},"categories":[6],"tags":[1783,149,867],"class_list":["post-16780","post","type-post","status-publish","format-standard","has-post-thumbnail","hentry","category-noticias","tag-fundo-constitucional","tag-stf","tag-tcu"],"_links":{"self":[{"href":"https:\/\/blogs.correiobraziliense.com.br\/cbpoder\/wp-json\/wp\/v2\/posts\/16780","targetHints":{"allow":["GET"]}}],"collection":[{"href":"https:\/\/blogs.correiobraziliense.com.br\/cbpoder\/wp-json\/wp\/v2\/posts"}],"about":[{"href":"https:\/\/blogs.correiobraziliense.com.br\/cbpoder\/wp-json\/wp\/v2\/types\/post"}],"author":[{"embeddable":true,"href":"https:\/\/blogs.correiobraziliense.com.br\/cbpoder\/wp-json\/wp\/v2\/users\/75"}],"replies":[{"embeddable":true,"href":"https:\/\/blogs.correiobraziliense.com.br\/cbpoder\/wp-json\/wp\/v2\/comments?post=16780"}],"version-history":[{"count":1,"href":"https:\/\/blogs.correiobraziliense.com.br\/cbpoder\/wp-json\/wp\/v2\/posts\/16780\/revisions"}],"predecessor-version":[{"id":16781,"href":"https:\/\/blogs.correiobraziliense.com.br\/cbpoder\/wp-json\/wp\/v2\/posts\/16780\/revisions\/16781"}],"wp:featuredmedia":[{"embeddable":true,"href":"https:\/\/blogs.correiobraziliense.com.br\/cbpoder\/wp-json\/wp\/v2\/media\/12381"}],"wp:attachment":[{"href":"https:\/\/blogs.correiobraziliense.com.br\/cbpoder\/wp-json\/wp\/v2\/media?parent=16780"}],"wp:term":[{"taxonomy":"category","embeddable":true,"href":"https:\/\/blogs.correiobraziliense.com.br\/cbpoder\/wp-json\/wp\/v2\/categories?post=16780"},{"taxonomy":"post_tag","embeddable":true,"href":"https:\/\/blogs.correiobraziliense.com.br\/cbpoder\/wp-json\/wp\/v2\/tags?post=16780"}],"curies":[{"name":"wp","href":"https:\/\/api.w.org\/{rel}","templated":true}]}}