{"id":16734,"date":"2019-10-24T07:39:59","date_gmt":"2019-10-24T10:39:59","guid":{"rendered":"https:\/\/blogs.correiobraziliense.com.br\/cbpoder\/?p=16734"},"modified":"2019-10-24T07:46:07","modified_gmt":"2019-10-24T10:46:07","slug":"empresas-interessadas-na-gestao-da-rodoviaria-tem-ate-esta-quinta-feira-para-demonstrar-interesse","status":"publish","type":"post","link":"https:\/\/blogs.correiobraziliense.com.br\/cbpoder\/empresas-interessadas-na-gestao-da-rodoviaria-tem-ate-esta-quinta-feira-para-demonstrar-interesse\/","title":{"rendered":"Empresas interessadas na gest\u00e3o da Rodovi\u00e1ria t\u00eam at\u00e9 esta quinta-feira para demonstrar interesse"},"content":{"rendered":"<h6><strong>Coluna Eixo Capital\/Por Alexandre de Paula<\/strong><\/h6>\n<h2>Rodovi\u00e1ria mais perto da iniciativa privada<\/h2>\n<p>Termina hoje o prazo para que empresas interessadas na gest\u00e3o da Rodovi\u00e1ria do Plano Piloto manifestem interesse na concess\u00e3o do terminal. A parceria p\u00fablico-privada \u00e9 a sa\u00edda defendida pelo GDF para oferecer servi\u00e7os de mais qualidade \u00e0 popula\u00e7\u00e3o. Os milhares de brasilienses que usam o local diariamente sofrem com problemas hist\u00f3ricos de estrutura. A proposta do governo, por\u00e9m, deve enfrentar resist\u00eancia de parte da classe pol\u00edtica e de comerciantes do local, que temem perder espa\u00e7o com a entrada da iniciativa privada. Ap\u00f3s receberem autoriza\u00e7\u00e3o da Secretaria de Mobilidade, as empresas interessadas ter\u00e3o 120 dias para apresentar os projetos.<\/p>\n<h2>Lei do Sil\u00eancio volta aos holofotes<\/h2>\n<p>A ideia de reformular a atual pol\u00edtica do Distrito Federal de limites da emiss\u00e3o de sons e ru\u00eddos voltou a ser tema de discursos na C\u00e2mara Legislativa. A discuss\u00e3o foi motivada por multa aplicada pelo Ibram a um restaurante da Asa Norte, que teria excedido o volume permitido. Os distritais F\u00e1bio F\u00e9lix (PSol), Leandro Grass (Rede) e Reginaldo Veras (PDT) defenderam a necessidade de que a discuss\u00e3o seja retomada. Na legislatura anterior, uma proposta foi apresentada pelo ent\u00e3o deputado Ricardo Vale (PT), mas o texto acabou, depois de in\u00fameros adiamentos, deixado de lado.<\/p>\n<h2>Chico Vigilante no Senado<\/h2>\n<p>O deputado distrital Chico Vigilante (PT) esteve no plen\u00e1rio do Senado durante a vota\u00e7\u00e3o do segundo turno da reforma da Previd\u00eancia. O distrital ajudou na articula\u00e7\u00e3o para que uma iniciativa petista fosse levada adiante. Destaque do senador Paulo Paim (PT-RS) prop\u00f4s regras especiais de aposentadoria para trabalhos com grau de risco. A oposi\u00e7\u00e3o e governo entraram em acordo para que a ideia fosse mantida, mas recebe regulamenta\u00e7\u00e3o posterior por meio de um projeto de lei. Por ajudar a costurar a sa\u00edda, Chico foi elogiado por senadores que destacaram a habilidade pol\u00edtica do distrital.<\/p>\n<h2>\nOAB\/DF inaugura Galeria Sigmaringa Seixas<\/h2>\n<p>A seccional do Distrito Federal da Ordem dos Advogados do Brasil (OAB\/DF) homenagear\u00e1 o advogado e ex-deputado-federal Sigmaringa Seixas, morto em dezembro do ano passado. A entidade inaugura hoje, \u00e0s 19h30, a Galeria Sigmaringa Seixas, que contar\u00e1 com fotos hist\u00f3ricas do jurista. O ex-ministro do Supremo Tribunal Federal (STF) Sep\u00falveda Pertence ser\u00e1 um dos oradores da cerim\u00f4nia, que ocorre no pr\u00e9dio da OAB\/DF (516 Norte).<\/p>\n<h2>\n2 x 1<\/h2>\n<p>Dos representantes do DF no Senado, apenas a senadora Leila Barros (PSB) votou contra o texto-base da reforma da Previd\u00eancia no segundo turno. Os outros dois parlamentares, Reguffe (Podemos) e Izalci Lucas (PSDB), deram sinal verde \u00e0 proposta.<\/p>\n<h2>\nSem qu\u00f3rum<\/h2>\n<p>Com plen\u00e1rio esvaziado, a C\u00e2mara Legislativa n\u00e3o votou nenhum projeto nas duas sess\u00f5es ordin\u00e1rias desta semana. Tanto ontem quanto ter\u00e7a-feira, as reuni\u00f5es foram encerradas por falta de qu\u00f3rum m\u00ednimo para delibera\u00e7\u00e3o. Os parlamentares que apareceram aproveitaram o tempo para discursar&#8230;<\/p>\n<h2>\nApoio aos feirantes<\/h2>\n<p>A decis\u00e3o do Superior Tribunal de Justi\u00e7a (STJ) que deu a possibilidade de a Cooperativa de Produ\u00e7\u00e3o e Compra em Comum dos Empreendedores da Feira dos Importados do DF (Cooperfim) continue no espa\u00e7o foi considerada uma vit\u00f3ria pelos comerciantes. A licita\u00e7\u00e3o, de 2009, era questionada por uma altera\u00e7\u00e3o feita, \u00e0 \u00e9poca, pela Terracap no certame, que reduziu o valor da cau\u00e7\u00e3o de 5% para 1%. A Corte determinou que os feirantes podem ficar, mas devem pagar a diferen\u00e7a. A deputada federal Fl\u00e1via Arruda ofereceu apoio \u00e0 Cooperfim e intermediou o di\u00e1logo deles com o GDF. \u201cO governador Ibaneis, sensibilizado com a nossa causa, levou a import\u00e2ncia dessa pauta at\u00e9 a procuradora-geral, que teve uma grande atua\u00e7\u00e3o, e o STJ decidiu a favor dos feirantes\u201d, disse a parlamentar.<\/p>\n<h2>\nS\u00f3 papos<\/h2>\n<p>\u201cSegundo a m\u00eddia, atleta transg\u00eanero vence prova de ciclismo feminino. E o vencedor ainda tripudia e diz que a reclama\u00e7\u00e3o vem das perdedoras. Desculpe, a reclama\u00e7\u00e3o vem de mulheres, atletas femininas que est\u00e3o perdendo espa\u00e7o para atletas trans. Desrespeito \u00e0s mulheres!\u201d Bia Kicis (PSL-DF), deputada federal<\/p>\n<p>\u201cO medo irracional que Bia Kicis propaga contra atletas trans \u00e9 injustific\u00e1vel. Desde 2003, pessoas trans t\u00eam permiss\u00e3o para competir nas Olimp\u00edadas. Apesar das acusa\u00e7\u00f5es de vantagens sobre atletas cis, nenhuma atleta trans conquistou uma medalha ol\u00edmpica ainda.\u201d F\u00e1bio F\u00e9lix (PSol-DF), deputado distrital<\/p>\n","protected":false},"excerpt":{"rendered":"<p>Coluna Eixo Capital\/Por Alexandre de Paula Rodovi\u00e1ria mais perto da iniciativa privada Termina hoje o prazo para que empresas interessadas na gest\u00e3o da Rodovi\u00e1ria do Plano Piloto manifestem interesse na concess\u00e3o do terminal. A parceria p\u00fablico-privada \u00e9 a sa\u00edda defendida pelo GDF para oferecer servi\u00e7os de mais qualidade \u00e0 popula\u00e7\u00e3o. Os milhares de brasilienses que usam o local diariamente sofrem [&hellip;]<\/p>\n","protected":false},"author":75,"featured_media":16735,"comment_status":"open","ping_status":"closed","sticky":false,"template":"","format":"standard","meta":{"footnotes":""},"categories":[234],"tags":[179,868,1983],"class_list":["post-16734","post","type-post","status-publish","format-standard","has-post-thumbnail","hentry","category-cb-poder","tag-df","tag-previdencia","tag-rodoviaria"],"_links":{"self":[{"href":"https:\/\/blogs.correiobraziliense.com.br\/cbpoder\/wp-json\/wp\/v2\/posts\/16734","targetHints":{"allow":["GET"]}}],"collection":[{"href":"https:\/\/blogs.correiobraziliense.com.br\/cbpoder\/wp-json\/wp\/v2\/posts"}],"about":[{"href":"https:\/\/blogs.correiobraziliense.com.br\/cbpoder\/wp-json\/wp\/v2\/types\/post"}],"author":[{"embeddable":true,"href":"https:\/\/blogs.correiobraziliense.com.br\/cbpoder\/wp-json\/wp\/v2\/users\/75"}],"replies":[{"embeddable":true,"href":"https:\/\/blogs.correiobraziliense.com.br\/cbpoder\/wp-json\/wp\/v2\/comments?post=16734"}],"version-history":[{"count":3,"href":"https:\/\/blogs.correiobraziliense.com.br\/cbpoder\/wp-json\/wp\/v2\/posts\/16734\/revisions"}],"predecessor-version":[{"id":16738,"href":"https:\/\/blogs.correiobraziliense.com.br\/cbpoder\/wp-json\/wp\/v2\/posts\/16734\/revisions\/16738"}],"wp:featuredmedia":[{"embeddable":true,"href":"https:\/\/blogs.correiobraziliense.com.br\/cbpoder\/wp-json\/wp\/v2\/media\/16735"}],"wp:attachment":[{"href":"https:\/\/blogs.correiobraziliense.com.br\/cbpoder\/wp-json\/wp\/v2\/media?parent=16734"}],"wp:term":[{"taxonomy":"category","embeddable":true,"href":"https:\/\/blogs.correiobraziliense.com.br\/cbpoder\/wp-json\/wp\/v2\/categories?post=16734"},{"taxonomy":"post_tag","embeddable":true,"href":"https:\/\/blogs.correiobraziliense.com.br\/cbpoder\/wp-json\/wp\/v2\/tags?post=16734"}],"curies":[{"name":"wp","href":"https:\/\/api.w.org\/{rel}","templated":true}]}}