{"id":16729,"date":"2019-10-23T12:35:56","date_gmt":"2019-10-23T15:35:56","guid":{"rendered":"https:\/\/blogs.correiobraziliense.com.br\/cbpoder\/?p=16729"},"modified":"2019-10-23T12:35:56","modified_gmt":"2019-10-23T15:35:56","slug":"distrital-critica-naiara-azevedo-por-musica-que-fala-de-enfermeiras","status":"publish","type":"post","link":"https:\/\/blogs.correiobraziliense.com.br\/cbpoder\/distrital-critica-naiara-azevedo-por-musica-que-fala-de-enfermeiras\/","title":{"rendered":"Distrital critica Naiara Azevedo por m\u00fasica que fala de enfermeiras"},"content":{"rendered":"<p>O deputado distrital Jorge Vianna (Podemos) criticou a cantora sertaneja Naiara Azevedo no plen\u00e1rio da C\u00e2mara Legislativa durante a sess\u00e3o de ter\u00e7a-feira (23\/10). O parlamentar reclamou da m\u00fasica <em>Boqueira<\/em> cantada por Naiara e por Gil Mendes. Na opini\u00e3o do distrital, a letra faz refer\u00eancia pejorativa \u00e0s enfermeiras.<\/p>\n<p>Um trecho da m\u00fasica, que trata de uma decep\u00e7\u00e3o amorosa, diz: \u201cO meu desejo \u00e9 que ele pegue uma boqueira\/ E que a rapariga n\u00e3o seja enfermeira\u201d.<\/p>\n<p>\u201cIsso causou mal-estar para esta profiss\u00e3o. J\u00e1 sofremos ass\u00e9dios constantemente. As mulheres da enfermagem sofrem isso a todo momento\u201d, afirmou Jorge Vianna, que \u00e9 representante da categoria na C\u00e2mara Legislativa. Ele cobrou posicionamento da cantora.<\/p>\n<p>Vianna n\u00e3o foi o primeiro a lamentar a cita\u00e7\u00e3o \u00e0 profiss\u00e3o na m\u00fasica. O Conselho Regional de Enfermagem da Para\u00edba (Coren-PB) divulgou nota de rep\u00fadio \u00e0 letra por fazer associa\u00e7\u00e3o da categoria a uma \u201cimagem pejorativa\u201d. \u201cA letra da m\u00fasica reduz o trabalho realizado pelas profissionais de enfermagem, incitando o preconceito contra as enfermeiras&#8221;, diz a nota.<\/p>\n<p>\u201cN\u00e3o se pode admitir que, sob o manto da liberdade de express\u00e3o, as pessoas se utilizem deste tipo de manifesta\u00e7\u00e3o de pensamento que ofende publicamente uma coletividade de mulheres enfermeiras\u201d, complementa o texto.<\/p>\n","protected":false},"excerpt":{"rendered":"<p>O deputado distrital Jorge Vianna (Podemos) criticou a cantora sertaneja Naiara Azevedo no plen\u00e1rio da C\u00e2mara Legislativa durante a sess\u00e3o de ter\u00e7a-feira (23\/10). O parlamentar reclamou da m\u00fasica Boqueira cantada por Naiara e por Gil Mendes. Na opini\u00e3o do distrital, a letra faz refer\u00eancia pejorativa \u00e0s enfermeiras. Um trecho da m\u00fasica, que trata de uma decep\u00e7\u00e3o amorosa, diz: \u201cO meu [&hellip;]<\/p>\n","protected":false},"author":75,"featured_media":16730,"comment_status":"open","ping_status":"closed","sticky":false,"template":"","format":"standard","meta":{"footnotes":""},"categories":[6],"tags":[70,36,1886,1981],"class_list":["post-16729","post","type-post","status-publish","format-standard","has-post-thumbnail","hentry","category-noticias","tag-camara-legislativa","tag-distrital","tag-jorge-vianna","tag-naiara-azevedo"],"_links":{"self":[{"href":"https:\/\/blogs.correiobraziliense.com.br\/cbpoder\/wp-json\/wp\/v2\/posts\/16729","targetHints":{"allow":["GET"]}}],"collection":[{"href":"https:\/\/blogs.correiobraziliense.com.br\/cbpoder\/wp-json\/wp\/v2\/posts"}],"about":[{"href":"https:\/\/blogs.correiobraziliense.com.br\/cbpoder\/wp-json\/wp\/v2\/types\/post"}],"author":[{"embeddable":true,"href":"https:\/\/blogs.correiobraziliense.com.br\/cbpoder\/wp-json\/wp\/v2\/users\/75"}],"replies":[{"embeddable":true,"href":"https:\/\/blogs.correiobraziliense.com.br\/cbpoder\/wp-json\/wp\/v2\/comments?post=16729"}],"version-history":[{"count":1,"href":"https:\/\/blogs.correiobraziliense.com.br\/cbpoder\/wp-json\/wp\/v2\/posts\/16729\/revisions"}],"predecessor-version":[{"id":16731,"href":"https:\/\/blogs.correiobraziliense.com.br\/cbpoder\/wp-json\/wp\/v2\/posts\/16729\/revisions\/16731"}],"wp:featuredmedia":[{"embeddable":true,"href":"https:\/\/blogs.correiobraziliense.com.br\/cbpoder\/wp-json\/wp\/v2\/media\/16730"}],"wp:attachment":[{"href":"https:\/\/blogs.correiobraziliense.com.br\/cbpoder\/wp-json\/wp\/v2\/media?parent=16729"}],"wp:term":[{"taxonomy":"category","embeddable":true,"href":"https:\/\/blogs.correiobraziliense.com.br\/cbpoder\/wp-json\/wp\/v2\/categories?post=16729"},{"taxonomy":"post_tag","embeddable":true,"href":"https:\/\/blogs.correiobraziliense.com.br\/cbpoder\/wp-json\/wp\/v2\/tags?post=16729"}],"curies":[{"name":"wp","href":"https:\/\/api.w.org\/{rel}","templated":true}]}}