{"id":16709,"date":"2019-10-22T07:46:32","date_gmt":"2019-10-22T10:46:32","guid":{"rendered":"https:\/\/blogs.correiobraziliense.com.br\/cbpoder\/?p=16709"},"modified":"2019-10-22T14:53:21","modified_gmt":"2019-10-22T17:53:21","slug":"gdf-apura-prejuizo-de-r-138-mil-com-pagamentos-indevidos-de-beneficios-sociais-a-servidores","status":"publish","type":"post","link":"https:\/\/blogs.correiobraziliense.com.br\/cbpoder\/gdf-apura-prejuizo-de-r-138-mil-com-pagamentos-indevidos-de-beneficios-sociais-a-servidores\/","title":{"rendered":"GDF apura preju\u00edzo de R$ 138 mil com pagamentos indevidos de benef\u00edcios sociais a servidores"},"content":{"rendered":"<h6><strong>Coluna Eixo Capital\/Por Alexandre de Paula<\/strong><\/h6>\n<p>Uma auditoria da Controladoria Geral do DF (CGDF) detectou que 53 servidores p\u00fablicos da capital foram contemplados com benef\u00edcios sociais sem preencher os requisitos necess\u00e1rios para participar dos programas. Os funcion\u00e1rios tinham renda m\u00e9dia superior ao m\u00e1ximo permitido para ingressar no Cadastro \u00danico, que classifica quem pode ter acesso aos valores. As fam\u00edlias precisam ter renda mensal de meio sal\u00e1rio m\u00ednimo por pessoa ou renda mensal total de tr\u00eas sal\u00e1rios m\u00ednimos para ter direito aos pagamentos. Em resposta \u00e0 Controladoria, a Secretaria de Desenvolvimento Social (Sedes) informou que abriu processos, nos 53 casos, para apurar os ind\u00edcios de irregularidades e garantir o ressarcimento dos recursos aos cofres p\u00fablicos. O total gasto com os benef\u00edcios em que h\u00e1 suspeita de pagamento indevido \u00e9 de R$ 138,4 mil, sem corre\u00e7\u00e3o monet\u00e1ria.<\/p>\n<h2><strong>Inscri\u00e7\u00f5es abertas para o Pr\u00eamio Marielle Franco de Direitos Humanos<\/strong><\/h2>\n<p>Come\u00e7am hoje as inscri\u00e7\u00f5es para o Pr\u00eamio Marielle Franco da Comiss\u00e3o de Direitos Humanos da C\u00e2mara Legislativa (CDH). A iniciativa foi proposta pelo distrital F\u00e1bio F\u00e9lix (PSol), presidente da CDH, e reconhecer\u00e1 projetos do Distrito Federal que atuam em diversas \u00e1reas da defesa dos direitos humanos. As indica\u00e7\u00f5es ficam abertas at\u00e9 8 de novembro no site do parlamentar. O nome da premia\u00e7\u00e3o \u00e9 uma homenagem \u00e0 vereadora e ativista carioca Marielle Franco, executada h\u00e1 19 meses.<\/p>\n<h2><strong>Cristovam na \u00cdndia<\/strong><\/h2>\n<p>O ex-senador Cristovam Buarque (Cidadania-DF) est\u00e1 na \u00cdndia. L\u00e1, ele participa de semin\u00e1rio na Universidade Jawaharlal Nehru, de Nova Delhi. Cristovam falar\u00e1 sobre as dificuldades da democracia para enfrentar problemas atuais com meio ambiente, migra\u00e7\u00f5es em massa, intelig\u00eancia artificial, comunica\u00e7\u00f5es on-line e fake news. Ele fica no pa\u00eds at\u00e9 domingo.<\/p>\n<h2><strong>Novo livro<\/strong><\/h2>\n<p>Assim que voltar da \u00cdndia, o ex-senador come\u00e7ar\u00e1 os tr\u00e2mites editoriais para publicar um novo livro. A obra est\u00e1 pronta e se chamar\u00e1 Nossos erros entre 1990 e 2018. Segundo o senador, o conte\u00fado tem potencial para irritar muitos colegas da pol\u00edtica. Isso porque Cristovam defende, no texto, que os democratas e progressistas brasileiros foram respons\u00e1veis pela ascens\u00e3o de Bolsonaro ao poder pelas falhas que cometeram enquanto estavam no comando do pa\u00eds.<\/p>\n<h2><strong>PT-DF sob nova dire\u00e7\u00e3o<\/strong><\/h2>\n<p>Com a miss\u00e3o de tentar recuperar o peso pol\u00edtico do PT na capital federal, Jacy Afonso assume o comando do diret\u00f3rio regional da sigla. Ex-presidente da Central \u00danica dos Trabalhadores (CUT) e do Sindicato dos Banc\u00e1rios, ele diz que o trabalho estar\u00e1 alinhado com os rumos propostos pela presidente anterior, a deputada federal \u00c9rika Kokay. \u201cTemos todo um capital pol\u00edtico hist\u00f3rico para nos recuperarmos do resultado eleitoral do ano passado\u201d, diz. Em 2018, a legenda concorreu ao Buriti com o economista J\u00falio Miragaya, que, com 60.592 votos, ficou em nono lugar.<\/p>\n<h2><strong>Foco no Entorno<\/strong><\/h2>\n<p>Um dos focos de Jacy na dire\u00e7\u00e3o ser\u00e1 aproximar a sigla no DF do diret\u00f3rio de Goi\u00e1s. De olho no potencial eleitoral do Entorno, o PT-DF tentar\u00e1 participar com mais destaque nas elei\u00e7\u00f5es municipais de 2020. Ele argumenta que boa parte dos moradores dos munic\u00edpios vizinhos trabalham e votam no DF. Diante disso, o fortalecimento nas cidades aumenta a possibilidade de conquist\u00e1-los para o pleito de 2022.<\/p>\n<h2><strong>Siga o dinheiro<\/strong><\/h2>\n<p><em>R$ 19.756.220,71<\/em><\/p>\n<p>Contrato firmado pela Codeplan com operadora de planos de sa\u00fade para a presta\u00e7\u00e3o de servi\u00e7os de assist\u00eancia suplementar aos empregados<\/p>\n<h2><strong>S\u00f3 papos<\/strong><\/h2>\n<blockquote>\n<p style=\"text-align: right\">\u201cAquilo ali \u00e9 um grupo que se comporta como uma gangue, uma gangue de rua, uma mil\u00edcia digital, uma gangue de rua que se transfere para dentro da internet. (&#8230;) J\u00e1 tive muito tiroteio real na vida, n\u00e3o vai ser tiroteio de internet que vai me fazer ficar preocupado.\u201d<br \/>\n<strong>General Santos Cruz, ex-ministro da Secretaria de Governo, em entrevista ao portal Congresso em Foco<\/strong><\/p>\n<p style=\"text-align: right\">\u201cQuem seria essa mil\u00edcia digital, que este tal Santos Cruz se refere? Mais um(x) revoltad(x)! (&#8230;) Querem mais que tudo tentar derrubar o Presidente!\u201d<br \/>\n<strong>Carlos Bolsonaro (PSL-RJ), vereador<\/strong><\/p>\n<\/blockquote>\n","protected":false},"excerpt":{"rendered":"<p>Coluna Eixo Capital\/Por Alexandre de Paula Uma auditoria da Controladoria Geral do DF (CGDF) detectou que 53 servidores p\u00fablicos da capital foram contemplados com benef\u00edcios sociais sem preencher os requisitos necess\u00e1rios para participar dos programas. Os funcion\u00e1rios tinham renda m\u00e9dia superior ao m\u00e1ximo permitido para ingressar no Cadastro \u00danico, que classifica quem pode ter acesso aos valores. As fam\u00edlias precisam [&hellip;]<\/p>\n","protected":false},"author":75,"featured_media":16710,"comment_status":"open","ping_status":"closed","sticky":false,"template":"","format":"standard","meta":{"footnotes":""},"categories":[234],"tags":[],"class_list":["post-16709","post","type-post","status-publish","format-standard","has-post-thumbnail","hentry","category-cb-poder"],"_links":{"self":[{"href":"https:\/\/blogs.correiobraziliense.com.br\/cbpoder\/wp-json\/wp\/v2\/posts\/16709","targetHints":{"allow":["GET"]}}],"collection":[{"href":"https:\/\/blogs.correiobraziliense.com.br\/cbpoder\/wp-json\/wp\/v2\/posts"}],"about":[{"href":"https:\/\/blogs.correiobraziliense.com.br\/cbpoder\/wp-json\/wp\/v2\/types\/post"}],"author":[{"embeddable":true,"href":"https:\/\/blogs.correiobraziliense.com.br\/cbpoder\/wp-json\/wp\/v2\/users\/75"}],"replies":[{"embeddable":true,"href":"https:\/\/blogs.correiobraziliense.com.br\/cbpoder\/wp-json\/wp\/v2\/comments?post=16709"}],"version-history":[{"count":3,"href":"https:\/\/blogs.correiobraziliense.com.br\/cbpoder\/wp-json\/wp\/v2\/posts\/16709\/revisions"}],"predecessor-version":[{"id":16721,"href":"https:\/\/blogs.correiobraziliense.com.br\/cbpoder\/wp-json\/wp\/v2\/posts\/16709\/revisions\/16721"}],"wp:featuredmedia":[{"embeddable":true,"href":"https:\/\/blogs.correiobraziliense.com.br\/cbpoder\/wp-json\/wp\/v2\/media\/16710"}],"wp:attachment":[{"href":"https:\/\/blogs.correiobraziliense.com.br\/cbpoder\/wp-json\/wp\/v2\/media?parent=16709"}],"wp:term":[{"taxonomy":"category","embeddable":true,"href":"https:\/\/blogs.correiobraziliense.com.br\/cbpoder\/wp-json\/wp\/v2\/categories?post=16709"},{"taxonomy":"post_tag","embeddable":true,"href":"https:\/\/blogs.correiobraziliense.com.br\/cbpoder\/wp-json\/wp\/v2\/tags?post=16709"}],"curies":[{"name":"wp","href":"https:\/\/api.w.org\/{rel}","templated":true}]}}