{"id":16675,"date":"2019-10-15T07:43:56","date_gmt":"2019-10-15T10:43:56","guid":{"rendered":"https:\/\/blogs.correiobraziliense.com.br\/cbpoder\/?p=16675"},"modified":"2019-10-15T07:43:56","modified_gmt":"2019-10-15T10:43:56","slug":"professor-israel-na-frente-de-oposicao-a-reforma-administrativa","status":"publish","type":"post","link":"https:\/\/blogs.correiobraziliense.com.br\/cbpoder\/professor-israel-na-frente-de-oposicao-a-reforma-administrativa\/","title":{"rendered":"Professor Israel na frente de oposi\u00e7\u00e3o \u00e0 reforma administrativa"},"content":{"rendered":"<h6><strong>Coluna Eixo Capital\/Por Ana Maria Campos<\/strong><\/h6>\n<p>O deputado Professor Israel (PV-DF) est\u00e1 engajado na coordena\u00e7\u00e3o de um grupo para rebater a pr\u00f3xima grande pauta pol\u00eamica no Congresso: a reforma administrativa. O tema est\u00e1 em discuss\u00e3o na Frente Parlamentar em Defesa do Servi\u00e7o P\u00fablico. Nesta manh\u00e3, o grupo vai lan\u00e7ar estudo para recha\u00e7ar os principais assuntos relacionados \u00e0 quest\u00e3o. Para Israel, o incha\u00e7o da m\u00e1quina p\u00fablica \u00e9 um mito. A frente ampla, sob a coordena\u00e7\u00e3o do parlamentar de Bras\u00edlia, conta com 235 deputados e seis senadores.<\/p>\n<h2><strong>Animado<\/strong><\/h2>\n<p>O ex-governador Rodrigo Rollemberg (PSB) est\u00e1 bem-disposto e animado. Perdeu o branco-escrit\u00f3rio que manteve em quatro anos de problemas no Executivo e j\u00e1 pensa em 2022. Mas tem mais saudade do Senado do que do Pal\u00e1cio do Buriti.<\/p>\n<h2>\n<strong>Sem riscos<\/strong><\/h2>\n<p>O deputado Rob\u00e9rio Negreiros (PSD) pediu licen\u00e7a para tratar de atividades de interesse particular sem vencimentos pelos pr\u00f3ximos 10 dias.<\/p>\n<h2>\n<strong>A pergunta que n\u00e3o quer calar<\/strong><\/h2>\n<p>O STF vai derrubar a jurisprud\u00eancia que determina o cumprimento da pena a partir da condena\u00e7\u00e3o em segunda inst\u00e2ncia, regra que provocou muitos avan\u00e7os no combate \u00e0 corrup\u00e7\u00e3o?<\/p>\n<h2>\n<strong>S\u00f3 papos<\/strong><\/h2>\n<blockquote><p>\n\u201cFilhos com mania de pr\u00edncipes desgastam presidente Jair Bolsonaro\u201d<\/p><\/blockquote>\n<p style=\"text-align: right\"><strong>Senador Major Ol\u00edmpio (PSL-SP)<\/strong><\/p>\n<blockquote><p>\u201cN\u00e3o uso os atributos que merece pois seria injusti\u00e7a com o vaso sanit\u00e1rio! A ingratid\u00e3o \u00e9 um dos maiores defeitos do homem\u201d<\/p><\/blockquote>\n<p style=\"text-align: right\"><strong>Vereador Carlos Bolsonaro, filho 02 do presidente Jair Bolsonaro<\/strong><\/p>\n<h2><strong>Nova defesa<\/strong><\/h2>\n<p>O advogado Bruno Rangel, que representa o governador Ibaneis Rocha nos processos da Justi\u00e7a Eleitoral, assumiu a defesa do deputado Lu\u00eds Miranda (DEM-DF), acusado de abuso de poder econ\u00f4mico durante a campanha de 2018.<\/p>\n<h2>\n<strong>Est\u00e1gio garantido<\/strong><\/h2>\n<p>Mais de mil estagi\u00e1rios do Tribunal de Justi\u00e7a do DF que seriam demitidos nos pr\u00f3ximos dias por falta de recursos poder\u00e3o seguir exercendo a forma\u00e7\u00e3o profissional. Articula\u00e7\u00e3o da deputada Paula Belmonte (CIDADANIA-DF) com os presidentes do Senado, Davi Alcolumbre (DEM-AP), e da C\u00e2mara, Rodrigo Maia (DEM-RJ), garantiu aprova\u00e7\u00e3o de cr\u00e9dito suplementar de R$ 236,5 milh\u00f5es para as Justi\u00e7as Federal, Eleitoral e do Trabalho.<\/p>\n<h2><strong>Na galeria<\/strong><\/h2>\n<p>O Minist\u00e9rio P\u00fablico do Distrito Federal e Territ\u00f3rios (MPDFT) promove amanh\u00e3 uma solenidade em homenagem aos quatro anos de gest\u00e3o de Leonardo Bessa \u00e0 frente da institui\u00e7\u00e3o. A foto dele ser\u00e1 fixada na galeria dos ex-procuradores-gerais de Justi\u00e7a do DF.<\/p>\n<h2><strong>De volta para a C\u00e2mara<\/strong><\/h2>\n<p>Durou pouco mais de um m\u00eas a perman\u00eancia do deputado Iolando (PSC) no governo Ibaneis. O distrital pediu exonera\u00e7\u00e3o da secretaria extraordin\u00e1ria da Pessoa com Defici\u00eancia e reassumiu ontem o mandato de distrital, deixando o suplente, Daniel de Castro (PSC), fora da C\u00e2mara. Iolando tem reclamado que n\u00e3o consegue nomear ningu\u00e9m na nova estrutura da pasta. No retorno, Iolando retoma tamb\u00e9m a primeira secretaria, que estava sob a gest\u00e3o do deputado Jorge Vianna (Podemos).<\/p>\n<h2>\n<strong>Siga o dinheiro<\/strong><\/h2>\n<p>R$ 26.641.000<br \/>\nValor previsto para venda de propriedade da CEB em Taguatinga. O neg\u00f3cio foi lan\u00e7ado em edital publicado na semana passada no Di\u00e1rio Oficial do DF. As propostas ser\u00e3o abertas em 30 de outubro.<\/p>\n","protected":false},"excerpt":{"rendered":"<p>Coluna Eixo Capital\/Por Ana Maria Campos O deputado Professor Israel (PV-DF) est\u00e1 engajado na coordena\u00e7\u00e3o de um grupo para rebater a pr\u00f3xima grande pauta pol\u00eamica no Congresso: a reforma administrativa. O tema est\u00e1 em discuss\u00e3o na Frente Parlamentar em Defesa do Servi\u00e7o P\u00fablico. Nesta manh\u00e3, o grupo vai lan\u00e7ar estudo para recha\u00e7ar os principais assuntos relacionados \u00e0 quest\u00e3o. Para Israel, [&hellip;]<\/p>\n","protected":false},"author":9,"featured_media":15174,"comment_status":"open","ping_status":"closed","sticky":false,"template":"","format":"standard","meta":{"footnotes":""},"categories":[234],"tags":[1644,1976],"class_list":["post-16675","post","type-post","status-publish","format-standard","has-post-thumbnail","hentry","category-cb-poder","tag-professor-israel","tag-reforma-administrativa"],"_links":{"self":[{"href":"https:\/\/blogs.correiobraziliense.com.br\/cbpoder\/wp-json\/wp\/v2\/posts\/16675","targetHints":{"allow":["GET"]}}],"collection":[{"href":"https:\/\/blogs.correiobraziliense.com.br\/cbpoder\/wp-json\/wp\/v2\/posts"}],"about":[{"href":"https:\/\/blogs.correiobraziliense.com.br\/cbpoder\/wp-json\/wp\/v2\/types\/post"}],"author":[{"embeddable":true,"href":"https:\/\/blogs.correiobraziliense.com.br\/cbpoder\/wp-json\/wp\/v2\/users\/9"}],"replies":[{"embeddable":true,"href":"https:\/\/blogs.correiobraziliense.com.br\/cbpoder\/wp-json\/wp\/v2\/comments?post=16675"}],"version-history":[{"count":1,"href":"https:\/\/blogs.correiobraziliense.com.br\/cbpoder\/wp-json\/wp\/v2\/posts\/16675\/revisions"}],"predecessor-version":[{"id":16676,"href":"https:\/\/blogs.correiobraziliense.com.br\/cbpoder\/wp-json\/wp\/v2\/posts\/16675\/revisions\/16676"}],"wp:featuredmedia":[{"embeddable":true,"href":"https:\/\/blogs.correiobraziliense.com.br\/cbpoder\/wp-json\/wp\/v2\/media\/15174"}],"wp:attachment":[{"href":"https:\/\/blogs.correiobraziliense.com.br\/cbpoder\/wp-json\/wp\/v2\/media?parent=16675"}],"wp:term":[{"taxonomy":"category","embeddable":true,"href":"https:\/\/blogs.correiobraziliense.com.br\/cbpoder\/wp-json\/wp\/v2\/categories?post=16675"},{"taxonomy":"post_tag","embeddable":true,"href":"https:\/\/blogs.correiobraziliense.com.br\/cbpoder\/wp-json\/wp\/v2\/tags?post=16675"}],"curies":[{"name":"wp","href":"https:\/\/api.w.org\/{rel}","templated":true}]}}