{"id":16670,"date":"2019-10-14T07:23:29","date_gmt":"2019-10-14T10:23:29","guid":{"rendered":"https:\/\/blogs.correiobraziliense.com.br\/cbpoder\/?p=16670"},"modified":"2019-10-14T07:23:29","modified_gmt":"2019-10-14T10:23:29","slug":"ao-governo-tambem-nao-interessa-privatizar-por-privatizar-diz-lider-do-gdf-na-cldf","status":"publish","type":"post","link":"https:\/\/blogs.correiobraziliense.com.br\/cbpoder\/ao-governo-tambem-nao-interessa-privatizar-por-privatizar-diz-lider-do-gdf-na-cldf\/","title":{"rendered":"&#8220;Ao governo, tamb\u00e9m n\u00e3o interessa privatizar por privatizar&#8221;, diz l\u00edder do GDF na CLDF"},"content":{"rendered":"<p><strong>Cl\u00e1udio Abrantes (PDT)<\/strong><br \/>\ndeputado distrital e l\u00edder do governo na C\u00e2mara Legislativa<\/p>\n<p><strong>Como avalia o ano legislativo da CLDF at\u00e9 agora?<\/strong><\/p>\n<p>Este ano, esta nova legislatura, chegou marcado por grandes mudan\u00e7as dentro da Casa. Vivemos tempos novos, com uma grande renova\u00e7\u00e3o parlamentar, e tamb\u00e9m com um governo que dialoga, e que age tamb\u00e9m. A C\u00e2mara tem trabalhado de forma a manter sua independ\u00eancia, num ritmo de produ\u00e7\u00e3o acelerado, mas sem atropelos, sem tratoramentos ou a\u00e7odamentos. Ent\u00e3o, pensando num r\u00e1pido hist\u00f3rico, importantes proposi\u00e7\u00f5es tramitaram na Casa, como a lei das pec\u00fanias, mudan\u00e7as na estrutura p\u00fablica, a cria\u00e7\u00e3o do Iges-DF. Eram temas considerados espinhosos, mas que passaram, foram superados, e j\u00e1 come\u00e7amos a ver os resultados refletidos na sociedade.<\/p>\n<p><strong>Houve grande renova\u00e7\u00e3o de parlamentares. Na sua vis\u00e3o, como reeleito, a Casa mudou muito em rela\u00e7\u00e3o \u00e0 legislatura anterior?<\/strong><\/p>\n<p>Sim, s\u00e3o grandes mudan\u00e7as. Os novos parlamentares vieram cada qual com seu perfil, com suas bandeiras. Agora, um completa o outro, de modo que as cidades e os segmentos da sociedade est\u00e3o bem representados, sejam as maiorias ou as minorias. Ainda nesse contexto, o papel da Casa \u00e9 estar atenta para que toda a sociedade seja contemplada. Afinal, estamos l\u00e1 para legislar para Bras\u00edlia e n\u00e3o para eleitores ou grupos de eleitores, e esse deve ser um cuidado permanente do parlamentar. Temos de zelar do Distrito Federal. Temos tamb\u00e9m o dever de olhar para o lado e fiscalizar, dando o sinal a qualquer ind\u00edcio de alerta quanto \u00e0 inobserv\u00e2ncia desse papel do deputado.<\/p>\n<p><strong>Em muitos casos, o governo precisou negociar com a base cada projeto para ter apoio dos parlamentares. Essa \u00e9 uma caracter\u00edstica da rela\u00e7\u00e3o entre o Executivo e o Legislativo atuais no DF? H\u00e1 a inten\u00e7\u00e3o de buscar um apoio pr\u00e9vio mais s\u00f3lido?<\/strong><\/p>\n<p>A pol\u00edtica, assim como toda atividade humana, evolui, adapta-se aos tempos, \u00e0s pessoas. Como l\u00edder do governo, posso dizer que ele tem um apoio s\u00f3lido. Mas, como eu disse, o fato de o parlamentar prestar apoio n\u00e3o significa que ele n\u00e3o v\u00e1 analisar as propostas do Executivo uma a uma, projeto a projeto, antes de se manifestar e de se posicionar. Essa \u00e9 uma das virtudes da democracia, que deve ser exercida em todas as esferas, inclusive e sobretudo no \u00e2mbito da administra\u00e7\u00e3o p\u00fablica. O governo tem conseguido conduzir isso de forma harm\u00f4nica, e fico muito gratificado com isso. Como representante das ideias do governo junto aos meus pares, sinto grande receptividade, que se reflete em resultados proveitosos para o Distrito Federal.<\/p>\n<p><strong>Alguns deputados da base reclamam de falta de acesso a secret\u00e1rios e ao GDF. Como contornar isso?<\/strong><\/p>\n<p>Como eu disse, hoje temos um governador que dialoga. Se houve alguma dificuldade de interlocu\u00e7\u00e3o, o governo est\u00e1 a par disso, tem recebido os parlamentares, tem vindo periodicamente \u00e0 Casa por meio de seus representantes e isso tamb\u00e9m deve ser observado e valorizado. Inclusive pares meus que n\u00e3o s\u00e3o da base t\u00eam elogiado esse perfil de transpar\u00eancia e parceria do atual governo.<\/p>\n<p><strong>\u00c9 poss\u00edvel aprovar ainda neste ano projetos importantes para o Executivo como o das mudan\u00e7as nas normas de uso do SIG e o Desenvolve-DF?<\/strong><\/p>\n<p>Regimentalmente, os trabalhos na C\u00e2mara v\u00e3o at\u00e9 15 de dezembro. Ent\u00e3o ainda temos minimamente dois meses de atividade. Se voc\u00ea for acompanhar a linha do tempo dos trabalhos deste ano, vai perceber o quanto per\u00edodos de dois meses t\u00eam sido produtivos no \u00e2mbito da CLDF. Por isso, acredito que ainda haja tempo, sim, para a vota\u00e7\u00e3o de projetos importantes.<\/p>\n<p><strong>A privatiza\u00e7\u00e3o de estatais tamb\u00e9m movimenta a Casa, e h\u00e1, al\u00e9m dos deputados da oposi\u00e7\u00e3o, parlamentares da base contra essas propostas. Est\u00e1 havendo uma tentativa de convencimento desses distritais?<\/strong><\/p>\n<p>N\u00e3o de convencimento, mas de argumenta\u00e7\u00e3o, de estudos, de exposi\u00e7\u00e3o de n\u00fameros e fatos. Ao governo, tamb\u00e9m n\u00e3o interessa privatizar por privatizar. Trata-se, sim, de se chegar aos modelos que mais trar\u00e3o benef\u00edcios para todos. \u00c9 o tipo de trabalho em que a sociedade, representada pela CLDF, e o governo devem caminhar unidos, pois todos trilhar\u00e3o pelo mesmo caminho, e esse caminho tem de ser o do sucesso.<\/p>\n","protected":false},"excerpt":{"rendered":"<p>Cl\u00e1udio Abrantes (PDT) deputado distrital e l\u00edder do governo na C\u00e2mara Legislativa Como avalia o ano legislativo da CLDF at\u00e9 agora? Este ano, esta nova legislatura, chegou marcado por grandes mudan\u00e7as dentro da Casa. Vivemos tempos novos, com uma grande renova\u00e7\u00e3o parlamentar, e tamb\u00e9m com um governo que dialoga, e que age tamb\u00e9m. A C\u00e2mara tem trabalhado de forma a [&hellip;]<\/p>\n","protected":false},"author":75,"featured_media":16671,"comment_status":"open","ping_status":"closed","sticky":false,"template":"","format":"standard","meta":{"footnotes":""},"categories":[234],"tags":[233,400],"class_list":["post-16670","post","type-post","status-publish","format-standard","has-post-thumbnail","hentry","category-cb-poder","tag-claudio-abrantes","tag-cldf"],"_links":{"self":[{"href":"https:\/\/blogs.correiobraziliense.com.br\/cbpoder\/wp-json\/wp\/v2\/posts\/16670","targetHints":{"allow":["GET"]}}],"collection":[{"href":"https:\/\/blogs.correiobraziliense.com.br\/cbpoder\/wp-json\/wp\/v2\/posts"}],"about":[{"href":"https:\/\/blogs.correiobraziliense.com.br\/cbpoder\/wp-json\/wp\/v2\/types\/post"}],"author":[{"embeddable":true,"href":"https:\/\/blogs.correiobraziliense.com.br\/cbpoder\/wp-json\/wp\/v2\/users\/75"}],"replies":[{"embeddable":true,"href":"https:\/\/blogs.correiobraziliense.com.br\/cbpoder\/wp-json\/wp\/v2\/comments?post=16670"}],"version-history":[{"count":1,"href":"https:\/\/blogs.correiobraziliense.com.br\/cbpoder\/wp-json\/wp\/v2\/posts\/16670\/revisions"}],"predecessor-version":[{"id":16672,"href":"https:\/\/blogs.correiobraziliense.com.br\/cbpoder\/wp-json\/wp\/v2\/posts\/16670\/revisions\/16672"}],"wp:featuredmedia":[{"embeddable":true,"href":"https:\/\/blogs.correiobraziliense.com.br\/cbpoder\/wp-json\/wp\/v2\/media\/16671"}],"wp:attachment":[{"href":"https:\/\/blogs.correiobraziliense.com.br\/cbpoder\/wp-json\/wp\/v2\/media?parent=16670"}],"wp:term":[{"taxonomy":"category","embeddable":true,"href":"https:\/\/blogs.correiobraziliense.com.br\/cbpoder\/wp-json\/wp\/v2\/categories?post=16670"},{"taxonomy":"post_tag","embeddable":true,"href":"https:\/\/blogs.correiobraziliense.com.br\/cbpoder\/wp-json\/wp\/v2\/tags?post=16670"}],"curies":[{"name":"wp","href":"https:\/\/api.w.org\/{rel}","templated":true}]}}